{"id":4368,"date":"2023-10-23T21:21:08","date_gmt":"2023-10-23T21:21:08","guid":{"rendered":"https:\/\/millinews.az\/xeber\/bunun-ucun-baki-il%C9%99-ciddi-addimlar-atiriq\/"},"modified":"2023-10-23T21:21:08","modified_gmt":"2023-10-23T21:21:08","slug":"bunun-ucun-baki-il%C9%99-ciddi-addimlar-atiriq","status":"publish","type":"post","link":"https:\/\/millitv.net\/?p=4368","title":{"rendered":"Bunun \u00fc\u00e7\u00fcn Bak\u0131 il\u0259 ciddi add\u0131mlar at\u0131r\u0131q"},"content":{"rendered":"<p><img decoding=\"async\" src=\"https:\/\/Millinews.az\/storage\/2023\/10\/24\/ceyhun-abdullahian.jpg\" alt=\"\" title=\"\"><\/p>\n<div id=\"mvp-content-main\">\n<p><strong>\u0130ran v\u0259 Az\u0259rbaycan \u015firk\u0259tl\u0259ri Nax\u00e7\u0131vana ke\u00e7idl\u0259 ba\u011fl\u0131 layih\u0259nin h\u0259yata ke\u00e7irilm\u0259si \u00fc\u00e7\u00fcn ciddi add\u0131mlar at\u0131r.<\/strong><\/p>\n<p><strong><a target=\"_blank\" href=\"https:\/\/Millinews.az\" rel=\"noopener\">Millinews.az<\/a><\/strong> x\u0259b\u0259r verir ki, bunu \u0130ran xarici i\u015fl\u0259r naziri H\u00fcseyn \u018fmir Abdullahian deyib.<\/p>\n<p>Nazir qeyd edib ki, Z\u0259ng\u0259zur mar\u015frutu il\u0259 ba\u011fl\u0131 \u0130randan Nax\u00e7\u0131vana ke\u00e7id layih\u0259l\u0259ndirilib.<\/p>\n<\/p><\/div>\n<p><script>\n        (function (d, s, id) {\n            var js, fjs = d.getElementsByTagName(s)[0];\n            if (d.getElementById(id)) return;\n            js = d.createElement(s);\n            js.id = id;\n            js.src = \"\/\/connect.facebook.net\/az_AZ\/sdk.js#xfbml=1&version=v2.7&appId=\";\n            fjs.parentNode.insertBefore(js, fjs);\n        }(document, 'script', 'facebook-jssdk'));\n    <\/script><\/p>\n","protected":false},"excerpt":{"rendered":"<p>\u0130ran v\u0259 Az\u0259rbaycan \u015firk\u0259tl\u0259ri Nax\u00e7\u0131vana ke\u00e7idl\u0259 ba\u011fl\u0131 layih\u0259nin h\u0259yata ke\u00e7irilm\u0259si \u00fc\u00e7\u00fcn ciddi add\u0131mlar at\u0131r. Millinews.az x\u0259b\u0259r verir ki, bunu \u0130ran xarici i\u015fl\u0259r naziri H\u00fcseyn \u018fmir Abdullahian deyib. Nazir qeyd edib ki, Z\u0259ng\u0259zur mar\u015frutu il\u0259 ba\u011fl\u0131 \u0130randan Nax\u00e7\u0131vana ke\u00e7id layih\u0259l\u0259ndirilib.<\/p>\n","protected":false},"author":1,"featured_media":4369,"comment_status":"open","ping_status":"closed","sticky":false,"template":"","format":"standard","meta":{"footnotes":""},"categories":[9],"tags":[],"class_list":["post-4368","post","type-post","status-publish","format-standard","has-post-thumbnail","hentry","category-xeber"],"_links":{"self":[{"href":"https:\/\/millitv.net\/index.php?rest_route=\/wp\/v2\/posts\/4368","targetHints":{"allow":["GET"]}}],"collection":[{"href":"https:\/\/millitv.net\/index.php?rest_route=\/wp\/v2\/posts"}],"about":[{"href":"https:\/\/millitv.net\/index.php?rest_route=\/wp\/v2\/types\/post"}],"author":[{"embeddable":true,"href":"https:\/\/millitv.net\/index.php?rest_route=\/wp\/v2\/users\/1"}],"replies":[{"embeddable":true,"href":"https:\/\/millitv.net\/index.php?rest_route=%2Fwp%2Fv2%2Fcomments&post=4368"}],"version-history":[{"count":0,"href":"https:\/\/millitv.net\/index.php?rest_route=\/wp\/v2\/posts\/4368\/revisions"}],"wp:featuredmedia":[{"embeddable":true,"href":"https:\/\/millitv.net\/index.php?rest_route=\/wp\/v2\/media\/4369"}],"wp:attachment":[{"href":"https:\/\/millitv.net\/index.php?rest_route=%2Fwp%2Fv2%2Fmedia&parent=4368"}],"wp:term":[{"taxonomy":"category","embeddable":true,"href":"https:\/\/millitv.net\/index.php?rest_route=%2Fwp%2Fv2%2Fcategories&post=4368"},{"taxonomy":"post_tag","embeddable":true,"href":"https:\/\/millitv.net\/index.php?rest_route=%2Fwp%2Fv2%2Ftags&post=4368"}],"curies":[{"name":"wp","href":"https:\/\/api.w.org\/{rel}","templated":true}]}}