{"id":4353,"date":"2023-10-23T20:15:51","date_gmt":"2023-10-23T20:15:51","guid":{"rendered":"https:\/\/millinews.az\/xeber\/az%C9%99rbaycan-v%C9%99-erm%C9%99nistan-xin-bascilari-arasinda-danisiq-olub\/"},"modified":"2023-10-23T20:15:51","modified_gmt":"2023-10-23T20:15:51","slug":"az%C9%99rbaycan-v%C9%99-erm%C9%99nistan-xin-bascilari-arasinda-danisiq-olub","status":"publish","type":"post","link":"https:\/\/millitv.net\/?p=4353","title":{"rendered":"Az\u0259rbaycan v\u0259 Erm\u0259nistan X\u0130N ba\u015f\u00e7\u0131lar\u0131 aras\u0131nda dan\u0131\u015f\u0131q olub"},"content":{"rendered":"<div id=\"maincontent\">&#13;<br \/>\n        &#13;<\/p>\n<p><strong>Tehranda \u201c3+3\u201d format\u0131nda g\u00f6r\u00fc\u015f \u00e7\u0259r\u00e7iv\u0259sind\u0259 Az\u0259rbaycan v\u0259 Erm\u0259nistan X\u0130N ba\u015f\u00e7\u0131lar\u0131 aras\u0131nda dan\u0131\u015f\u0131q olub.<\/strong><\/p>\n<p><a href=\"https:\/\/Millinews.az\" target=\"_blank\" class=\"kw-link\" rel=\"noopener\">Millinews.az<\/a> x\u0259b\u0259r verir, bu bar\u0259d\u0259 \u0130ran xarici i\u015fl\u0259r naziri H\u00fcseyn \u018fmir Abdullahian &#8220;3+3&#8221; regional platformas\u0131n\u0131n X\u0130N r\u0259hb\u0259rl\u0259rinin iclas\u0131ndan sonra m\u0259tbuata a\u00e7\u0131qlamas\u0131nda deyib. &#13;\n<\/p>\n<p>Abdullahian bildirib ki, Tehranda &#8220;3+3&#8221; format\u0131nda ke\u00e7iril\u0259n g\u00f6r\u00fc\u015f \u00e7\u0259r\u00e7iv\u0259sind\u0259 Ararat Mirzoyanla Ceyhun Bayramov aras\u0131nda g\u00f6r\u00fc\u015f Az\u0259rbaycan il\u0259 Erm\u0259nistan\u0131n s\u00fclh v\u0259 dostluq u\u011frunda \u0259m\u0259li add\u0131md\u0131r.<\/p>\n<p>O qeyd edib ki, s\u00f6z\u00fcged\u0259n g\u00f6r\u00fc\u015f \u00e7\u0259r\u00e7iv\u0259sind\u0259 Az\u0259rbaycan v\u0259 Erm\u0259nistan xarici i\u015fl\u0259r nazirl\u0259rin\u0259 s\u00f6hb\u0259t etm\u0259k imkan\u0131 yarad\u0131l\u0131b. Abdullahian\u0131n s\u00f6zl\u0259rin\u0259 g\u00f6r\u0259, bu g\u00f6r\u00fc\u015f C\u0259nubi Qafqaz regionunda sabitlik v\u0259 t\u0259hl\u00fck\u0259sizliyin b\u0259rq\u0259rar olmas\u0131na \u00f6z t\u00f6hf\u0259sini ver\u0259c\u0259k.<\/p>\n<p>Qeyd ed\u0259k ki, bu g\u00fcn Tehranda &#8220;3+3&#8221; format\u0131nda X\u0130N ba\u015f\u00e7\u0131lar\u0131n\u0131n g\u00f6r\u00fc\u015f\u00fc ke\u00e7irilib. Az\u0259rbaycan\u0131n, Rusiyan\u0131n, T\u00fcrkiy\u0259nin v\u0259 Erm\u0259nistan\u0131n xarici i\u015fl\u0259r nazirl\u0259ri Ceyhun Bayramov, Sergey Lavrov, Hakan Fidan, Ararat Mirzoyan &#8220;3+3&#8221; format\u0131nda g\u00f6r\u00fc\u015fd\u0259 i\u015ftirak edibl\u0259r.<\/p>\n<p>3+3 format\u0131nda ke\u00e7iril\u0259n iclas\u0131n \u0259sas m\u0259qs\u0259dl\u0259rind\u0259n region probleml\u0259rinin regiondan k\u0259nar \u00f6lk\u0259l\u0259rin i\u015ftirak\u0131 olmadan v\u0259 b\u00f6lg\u0259 \u00f6lk\u0259l\u0259rinin i\u015ftirak\u0131 il\u0259 h\u0259ll olunmas\u0131, Az\u0259rbaycan v\u0259 Erm\u0259nistan aras\u0131nda s\u00fclh dan\u0131\u015f\u0131qlar\u0131n\u0131n h\u0259yata ke\u00e7irilm\u0259sini x\u00fcsusi qeyd etm\u0259k olar.<\/p>\n<p>\u201c3+3\u201d format\u0131nda ilk iclas \u00f6t\u0259n il G\u00fcrc\u00fcstan\u0131n i\u015ftirak\u0131 olmadan xarici i\u015fl\u0259r nazirl\u0259rinin m\u00fcavinl\u0259ri s\u0259viyy\u0259sind\u0259 Moskvada ke\u00e7irilib.&#13;<br \/>\n        &#13;<br \/>\n&#13;<br \/>\n        &#13;<br \/>\n&#13;\n        <\/p>\n<p><noscript><\/p>\n<p>You must enable Javascript on your browser for the site to work optimally and display sections completely.<\/p>\n<p><\/noscript>\t\t&#13;<br \/>\n\t\t&#13;\n    <\/div>\n<p><script type=\"text\/javascript\">jQuery(document).ready(function () {\n(function(d, s, id) {\n    var js, fjs = d.getElementsByTagName(s)[0];\n    if (d.getElementById(id))\n        return;\n    js = d.createElement(s);\n    js.id = id;\n    js.src = \"\/\/connect.facebook.net\/az_AZ\/all.js#xfbml=1&appId=1002485763137712\";\n    fjs.parentNode.insertBefore(js, fjs);\n}(document, 'script', 'facebook-jssdk'));                \n});<\/script><\/p>\n","protected":false},"excerpt":{"rendered":"<p>&#13; &#13; Tehranda \u201c3+3\u201d format\u0131nda g\u00f6r\u00fc\u015f \u00e7\u0259r\u00e7iv\u0259sind\u0259 Az\u0259rbaycan v\u0259 Erm\u0259nistan X\u0130N ba\u015f\u00e7\u0131lar\u0131 aras\u0131nda dan\u0131\u015f\u0131q olub. Millinews.az x\u0259b\u0259r verir, bu bar\u0259d\u0259 \u0130ran xarici i\u015fl\u0259r naziri H\u00fcseyn \u018fmir Abdullahian &#8220;3+3&#8221; regional platformas\u0131n\u0131n X\u0130N r\u0259hb\u0259rl\u0259rinin iclas\u0131ndan sonra m\u0259tbuata a\u00e7\u0131qlamas\u0131nda deyib. &#13; Abdullahian bildirib ki, Tehranda &#8220;3+3&#8221; format\u0131nda ke\u00e7iril\u0259n g\u00f6r\u00fc\u015f \u00e7\u0259r\u00e7iv\u0259sind\u0259 Ararat Mirzoyanla Ceyhun Bayramov aras\u0131nda g\u00f6r\u00fc\u015f Az\u0259rbaycan il\u0259 &hellip;<\/p>\n","protected":false},"author":1,"featured_media":4354,"comment_status":"open","ping_status":"closed","sticky":false,"template":"","format":"standard","meta":{"footnotes":""},"categories":[9],"tags":[],"class_list":["post-4353","post","type-post","status-publish","format-standard","has-post-thumbnail","hentry","category-xeber"],"_links":{"self":[{"href":"https:\/\/millitv.net\/index.php?rest_route=\/wp\/v2\/posts\/4353","targetHints":{"allow":["GET"]}}],"collection":[{"href":"https:\/\/millitv.net\/index.php?rest_route=\/wp\/v2\/posts"}],"about":[{"href":"https:\/\/millitv.net\/index.php?rest_route=\/wp\/v2\/types\/post"}],"author":[{"embeddable":true,"href":"https:\/\/millitv.net\/index.php?rest_route=\/wp\/v2\/users\/1"}],"replies":[{"embeddable":true,"href":"https:\/\/millitv.net\/index.php?rest_route=%2Fwp%2Fv2%2Fcomments&post=4353"}],"version-history":[{"count":0,"href":"https:\/\/millitv.net\/index.php?rest_route=\/wp\/v2\/posts\/4353\/revisions"}],"wp:featuredmedia":[{"embeddable":true,"href":"https:\/\/millitv.net\/index.php?rest_route=\/wp\/v2\/media\/4354"}],"wp:attachment":[{"href":"https:\/\/millitv.net\/index.php?rest_route=%2Fwp%2Fv2%2Fmedia&parent=4353"}],"wp:term":[{"taxonomy":"category","embeddable":true,"href":"https:\/\/millitv.net\/index.php?rest_route=%2Fwp%2Fv2%2Fcategories&post=4353"},{"taxonomy":"post_tag","embeddable":true,"href":"https:\/\/millitv.net\/index.php?rest_route=%2Fwp%2Fv2%2Ftags&post=4353"}],"curies":[{"name":"wp","href":"https:\/\/api.w.org\/{rel}","templated":true}]}}