{"id":4347,"date":"2023-10-23T19:54:36","date_gmt":"2023-10-23T19:54:36","guid":{"rendered":"https:\/\/millinews.az\/xeber\/qarabag-az%C9%99rbaycana-m%C9%99xsusdur-lavrov\/"},"modified":"2023-10-23T19:54:36","modified_gmt":"2023-10-23T19:54:36","slug":"qarabag-az%C9%99rbaycana-m%C9%99xsusdur-lavrov","status":"publish","type":"post","link":"https:\/\/millitv.net\/?p=4347","title":{"rendered":"&#8220;Qaraba\u011f Az\u0259rbaycana m\u0259xsusdur&#8221; &#8211; Lavrov"},"content":{"rendered":"<div id=\"maincontent\">&#13;<br \/>\n        &#13;<\/p>\n<p><strong>Erm\u0259nistan-Az\u0259rbaycan m\u00fcnaqi\u015f\u0259si b\u00f6y\u00fck \u00f6l\u00e7\u00fcd\u0259 h\u0259ll olunub, Qaraba\u011f Az\u0259rbaycana m\u0259xsusdur.<\/strong><\/p>\n<p><a href=\"https:\/\/Millinews.az\" target=\"_blank\" class=\"kw-link\" rel=\"noopener\">Millinews.az<\/a> APA-ya istinad\u0259n x\u0259b\u0259r verir ki, bunu Rusiya xarici i\u015fl\u0259r naziri Sergey Lavrov bildirib. Lavrov qeyd edib ki, m\u00fcnasib\u0259tl\u0259rin tam normalla\u015fd\u0131r\u0131lmas\u0131 \u00fc\u00e7\u00fcn ilk n\u00f6vb\u0259d\u0259, s\u00fclh m\u00fcqavil\u0259sinin haz\u0131rlanmas\u0131, delimitasiya v\u0259 n\u0259qliyyat-iqtisadi \u0259laq\u0259l\u0259rin qurulmas\u0131 add\u0131mlar\u0131 qal\u0131r: &#13;\n<\/p>\n<p>\u201c\u0130ndi Erm\u0259nistanla Az\u0259rbaycan aras\u0131nda m\u00fcnasib\u0259tl\u0259rin tam normalla\u015fmas\u0131 il\u0259 ba\u011fl\u0131 praktiki add\u0131mlar\u0131n at\u0131lmas\u0131 qal\u0131r. H\u0259r \u015feyd\u0259n \u00f6nc\u0259, s\u00fclh m\u00fcqavil\u0259sinin haz\u0131rlanmas\u0131, s\u0259rh\u0259dl\u0259rin delimitasiyas\u0131 v\u0259 hans\u0131sa mane\u0259 olmadan n\u0259qliyyat v\u0259 iqtsadi \u0259laq\u0259l\u0259rin qurulmas\u0131 qal\u0131r.<\/p>\n<p>Erm\u0259nistan-Az\u0259rbaycan m\u00fcnasib\u0259tl\u0259rinin normalla\u015fmas\u0131 prosesin\u0259 dair bu aspektl\u0259r birba\u015fa olaraq \u201c3+3\u201d format\u0131nda m\u00fczakir\u0259 olunmur. T\u0259r\u0259fl\u0259rin raz\u0131la\u015fd\u0131\u011f\u0131 kimi bunun \u00fc\u00e7\u00fcn ayr\u0131ca kanallar var. Rusiya b\u00fct\u00fcn bu prosesl\u0259rd\u0259 \u0259laq\u0259l\u0259ndirici rolunu oynay\u0131r. Lakin \u201c3+3\u201d platformas\u0131 \u00f6z\u00fc-\u00f6zl\u00fcy\u00fcnd\u0259 Az\u0259rbaycan v\u0259 Erm\u0259nistan\u0131n i\u015ftirak etdiyi dig\u0259r \u0259lav\u0259 platformalar kimi Bak\u0131 il\u0259 \u0130r\u0259van aras\u0131nda qalan probleml\u0259ri h\u0259ll etm\u0259y\u0259 obyektiv k\u00f6m\u0259k edir\u201d.&#13;<br \/>\n        &#13;<br \/>\n&#13;<br \/>\n        &#13;<br \/>\n&#13;\n        <\/p>\n<p><noscript><\/p>\n<p>You must enable Javascript on your browser for the site to work optimally and display sections completely.<\/p>\n<p><\/noscript>\t\t&#13;<br \/>\n\t\t&#13;\n    <\/div>\n<p><script type=\"text\/javascript\">jQuery(document).ready(function () {\n(function(d, s, id) {\n    var js, fjs = d.getElementsByTagName(s)[0];\n    if (d.getElementById(id))\n        return;\n    js = d.createElement(s);\n    js.id = id;\n    js.src = \"\/\/connect.facebook.net\/az_AZ\/all.js#xfbml=1&appId=1002485763137712\";\n    fjs.parentNode.insertBefore(js, fjs);\n}(document, 'script', 'facebook-jssdk'));                \n});<\/script><\/p>\n","protected":false},"excerpt":{"rendered":"<p>&#13; &#13; Erm\u0259nistan-Az\u0259rbaycan m\u00fcnaqi\u015f\u0259si b\u00f6y\u00fck \u00f6l\u00e7\u00fcd\u0259 h\u0259ll olunub, Qaraba\u011f Az\u0259rbaycana m\u0259xsusdur. Millinews.az APA-ya istinad\u0259n x\u0259b\u0259r verir ki, bunu Rusiya xarici i\u015fl\u0259r naziri Sergey Lavrov bildirib. Lavrov qeyd edib ki, m\u00fcnasib\u0259tl\u0259rin tam normalla\u015fd\u0131r\u0131lmas\u0131 \u00fc\u00e7\u00fcn ilk n\u00f6vb\u0259d\u0259, s\u00fclh m\u00fcqavil\u0259sinin haz\u0131rlanmas\u0131, delimitasiya v\u0259 n\u0259qliyyat-iqtisadi \u0259laq\u0259l\u0259rin qurulmas\u0131 add\u0131mlar\u0131 qal\u0131r: &#13; \u201c\u0130ndi Erm\u0259nistanla Az\u0259rbaycan aras\u0131nda m\u00fcnasib\u0259tl\u0259rin tam normalla\u015fmas\u0131 il\u0259 ba\u011fl\u0131 &hellip;<\/p>\n","protected":false},"author":1,"featured_media":4348,"comment_status":"open","ping_status":"closed","sticky":false,"template":"","format":"standard","meta":{"footnotes":""},"categories":[9],"tags":[],"class_list":["post-4347","post","type-post","status-publish","format-standard","has-post-thumbnail","hentry","category-xeber"],"_links":{"self":[{"href":"https:\/\/millitv.net\/index.php?rest_route=\/wp\/v2\/posts\/4347","targetHints":{"allow":["GET"]}}],"collection":[{"href":"https:\/\/millitv.net\/index.php?rest_route=\/wp\/v2\/posts"}],"about":[{"href":"https:\/\/millitv.net\/index.php?rest_route=\/wp\/v2\/types\/post"}],"author":[{"embeddable":true,"href":"https:\/\/millitv.net\/index.php?rest_route=\/wp\/v2\/users\/1"}],"replies":[{"embeddable":true,"href":"https:\/\/millitv.net\/index.php?rest_route=%2Fwp%2Fv2%2Fcomments&post=4347"}],"version-history":[{"count":0,"href":"https:\/\/millitv.net\/index.php?rest_route=\/wp\/v2\/posts\/4347\/revisions"}],"wp:featuredmedia":[{"embeddable":true,"href":"https:\/\/millitv.net\/index.php?rest_route=\/wp\/v2\/media\/4348"}],"wp:attachment":[{"href":"https:\/\/millitv.net\/index.php?rest_route=%2Fwp%2Fv2%2Fmedia&parent=4347"}],"wp:term":[{"taxonomy":"category","embeddable":true,"href":"https:\/\/millitv.net\/index.php?rest_route=%2Fwp%2Fv2%2Fcategories&post=4347"},{"taxonomy":"post_tag","embeddable":true,"href":"https:\/\/millitv.net\/index.php?rest_route=%2Fwp%2Fv2%2Ftags&post=4347"}],"curies":[{"name":"wp","href":"https:\/\/api.w.org\/{rel}","templated":true}]}}