{"id":4337,"date":"2023-10-23T19:27:15","date_gmt":"2023-10-23T19:27:15","guid":{"rendered":"https:\/\/millinews.az\/xeber\/balotelli-erdoganin-bu-videosunu-paylasdi-f%C9%99l%C9%99stin%C9%99-d%C9%99st%C9%99k-verdi\/"},"modified":"2023-10-23T19:27:15","modified_gmt":"2023-10-23T19:27:15","slug":"balotelli-erdoganin-bu-videosunu-paylasdi-f%C9%99l%C9%99stin%C9%99-d%C9%99st%C9%99k-verdi","status":"publish","type":"post","link":"https:\/\/millitv.net\/?p=4337","title":{"rendered":"Balotelli \u018frdo\u011fan\u0131n bu V\u0130DEOSUNU payla\u015fd\u0131, F\u0259l\u0259stin\u0259 d\u0259st\u0259k verdi"},"content":{"rendered":"<p><img decoding=\"async\" src=\"https:\/\/Millinews.az\/storage\/2023\/10\/23\/balotelli.jpg\" alt=\"\" title=\"\"><\/p>\n<div id=\"mvp-content-main\">\n<p><strong>\u201cAdana D\u0259mirspor\u201dun h\u00fccum\u00e7usu Mario Balotelli sosial \u015f\u0259b\u0259k\u0259d\u0259 T\u00fcrkiy\u0259 prezidenti R\u0259c\u0259b Tayyib \u018frdo\u011fan\u0131n 2009-cu ild\u0259 D\u00fcnya \u0130qtisadi Forumunda \u0130srailin o vaxtk\u0131 prezidenti \u015eimon Peresin F\u0259l\u0259stinl\u0259 m\u00fcnaqi\u015f\u0259 il\u0259 ba\u011fl\u0131 s\u00f6zl\u0259rin\u0259 cavab ver\u0259rk\u0259n etdiyi \u00e7\u0131x\u0131\u015f\u0131n videosunu yerl\u0259\u015fdir\u0259r\u0259k F\u0259l\u0259stin\u0259 d\u0259st\u0259k verib.<\/strong><\/p>\n<p><strong><a target=\"_blank\" href=\"https:\/\/Millinews.az\" rel=\"noopener\">Millinews.az<\/a><\/strong> x\u0259b\u0259r verir ki, \u201c\u00d6lk\u0259nizin iki ke\u00e7mi\u015f ba\u015f nazirinin tanklarla F\u0259l\u0259stin\u0259 getm\u0259y\u0259 \u015fad olduqlar\u0131n\u0131 dedikl\u0259rini xat\u0131rlay\u0131ram. Dedikl\u0259rinizi alq\u0131\u015flamaq da bir ba\u015fqa insanl\u0131q su\u00e7u. \u00c7ox adam \u00f6ld\u00fcr\u00fcld\u00fc. V\u0259 hesab edir\u0259m ki, bu, tamamil\u0259 yanl\u0131\u015f v\u0259 qeyri-insanidir\u201d, \u2013 dey\u0259 \u018frdo\u011fan bildirib.<\/p>\n<p>\u201cBiz m\u00fczakir\u0259y\u0259 yenid\u0259n ba\u015flaya bilm\u0259rik. Bizim vaxt\u0131m\u0131z yoxdur. Biz insanlar\u0131n nahara getm\u0259sin\u0259 icaz\u0259 verm\u0259liyik\u201d, \u2013 debat moderatoru Devid \u0130qnatius bildirib.<\/p>\n<p>\u201c\u00c7ox sa\u011f olun, \u00e7ox sa\u011f olun, \u00e7ox sa\u011f olun, \u00e7ox sa\u011f olun. Bundan sonra Davosa d\u00f6n\u0259c\u0259yimi d\u00fc\u015f\u00fcnm\u00fcr\u0259m\u201d, \u2013 \u018frdo\u011fan deyib v\u0259 s\u0259hn\u0259ni t\u0259rk edib.<\/p>\n<p>T\u00fcrkiy\u0259nin haz\u0131rk\u0131 prezidenti bundan sonra foruma g\u0259lm\u0259yib.<\/p>\n<p><iframe loading=\"lazy\" title=\"Ba\u015fkan Erdo\u011fan&#039;\u0131n Davos\u2019taki &#039;one minute&#039; \u00e7\u0131k\u0131\u015f\u0131n\u0131n 10. Y\u0131l\u0131!. | A Haber\" width=\"500\" height=\"281\" src=\"https:\/\/www.youtube.com\/embed\/zMvrRMaG93E?feature=oembed\" frameborder=\"0\" allow=\"accelerometer; autoplay; clipboard-write; encrypted-media; gyroscope; picture-in-picture; web-share\" referrerpolicy=\"strict-origin-when-cross-origin\" allowfullscreen><\/iframe><\/p>\n<\/p><\/div>\n<p><script>\n        (function (d, s, id) {\n            var js, fjs = d.getElementsByTagName(s)[0];\n            if (d.getElementById(id)) return;\n            js = d.createElement(s);\n            js.id = id;\n            js.src = \"\/\/connect.facebook.net\/az_AZ\/sdk.js#xfbml=1&version=v2.7&appId=\";\n            fjs.parentNode.insertBefore(js, fjs);\n        }(document, 'script', 'facebook-jssdk'));\n    <\/script><\/p>\n","protected":false},"excerpt":{"rendered":"<p>\u201cAdana D\u0259mirspor\u201dun h\u00fccum\u00e7usu Mario Balotelli sosial \u015f\u0259b\u0259k\u0259d\u0259 T\u00fcrkiy\u0259 prezidenti R\u0259c\u0259b Tayyib \u018frdo\u011fan\u0131n 2009-cu ild\u0259 D\u00fcnya \u0130qtisadi Forumunda \u0130srailin o vaxtk\u0131 prezidenti \u015eimon Peresin F\u0259l\u0259stinl\u0259 m\u00fcnaqi\u015f\u0259 il\u0259 ba\u011fl\u0131 s\u00f6zl\u0259rin\u0259 cavab ver\u0259rk\u0259n etdiyi \u00e7\u0131x\u0131\u015f\u0131n videosunu yerl\u0259\u015fdir\u0259r\u0259k F\u0259l\u0259stin\u0259 d\u0259st\u0259k verib. Millinews.az x\u0259b\u0259r verir ki, \u201c\u00d6lk\u0259nizin iki ke\u00e7mi\u015f ba\u015f nazirinin tanklarla F\u0259l\u0259stin\u0259 getm\u0259y\u0259 \u015fad olduqlar\u0131n\u0131 dedikl\u0259rini xat\u0131rlay\u0131ram. Dedikl\u0259rinizi alq\u0131\u015flamaq &hellip;<\/p>\n","protected":false},"author":1,"featured_media":4338,"comment_status":"open","ping_status":"closed","sticky":false,"template":"","format":"standard","meta":{"footnotes":""},"categories":[9],"tags":[],"class_list":["post-4337","post","type-post","status-publish","format-standard","has-post-thumbnail","hentry","category-xeber"],"_links":{"self":[{"href":"https:\/\/millitv.net\/index.php?rest_route=\/wp\/v2\/posts\/4337","targetHints":{"allow":["GET"]}}],"collection":[{"href":"https:\/\/millitv.net\/index.php?rest_route=\/wp\/v2\/posts"}],"about":[{"href":"https:\/\/millitv.net\/index.php?rest_route=\/wp\/v2\/types\/post"}],"author":[{"embeddable":true,"href":"https:\/\/millitv.net\/index.php?rest_route=\/wp\/v2\/users\/1"}],"replies":[{"embeddable":true,"href":"https:\/\/millitv.net\/index.php?rest_route=%2Fwp%2Fv2%2Fcomments&post=4337"}],"version-history":[{"count":0,"href":"https:\/\/millitv.net\/index.php?rest_route=\/wp\/v2\/posts\/4337\/revisions"}],"wp:featuredmedia":[{"embeddable":true,"href":"https:\/\/millitv.net\/index.php?rest_route=\/wp\/v2\/media\/4338"}],"wp:attachment":[{"href":"https:\/\/millitv.net\/index.php?rest_route=%2Fwp%2Fv2%2Fmedia&parent=4337"}],"wp:term":[{"taxonomy":"category","embeddable":true,"href":"https:\/\/millitv.net\/index.php?rest_route=%2Fwp%2Fv2%2Fcategories&post=4337"},{"taxonomy":"post_tag","embeddable":true,"href":"https:\/\/millitv.net\/index.php?rest_route=%2Fwp%2Fv2%2Ftags&post=4337"}],"curies":[{"name":"wp","href":"https:\/\/api.w.org\/{rel}","templated":true}]}}