{"id":4319,"date":"2023-10-23T18:39:12","date_gmt":"2023-10-23T18:39:12","guid":{"rendered":"https:\/\/millinews.az\/xeber\/bakida-priusla-m%C9%99kt%C9%99bli-qizlara-%C9%99xlaqsiz-t%C9%99klif-etdi-c%C9%99zalandirildi\/"},"modified":"2023-10-23T18:39:12","modified_gmt":"2023-10-23T18:39:12","slug":"bakida-priusla-m%C9%99kt%C9%99bli-qizlara-%C9%99xlaqsiz-t%C9%99klif-etdi-c%C9%99zalandirildi","status":"publish","type":"post","link":"https:\/\/millitv.net\/?p=4319","title":{"rendered":"Bak\u0131da &#8220;Prius&#8221;la m\u0259kt\u0259bli q\u0131zlara \u0259xlaqs\u0131z t\u0259klif etdi, c\u0259zaland\u0131r\u0131ld\u0131"},"content":{"rendered":"<div id=\"maincontent\">&#13;<br \/>\n        &#13;<\/p>\n<p><strong>Bu ilin mart v\u0259 may aylar\u0131nda Bak\u0131n\u0131n Sabun\u00e7u rayonundak\u0131 m\u0259kt\u0259bl\u0259rd\u0259n birinin qar\u015f\u0131s\u0131nda \u015fagirdl\u0259r\u0259 \u0259xlaqs\u0131z t\u0259klifl\u0259r ed\u0259n taksi s\u00fcr\u00fcc\u00fcs\u00fc c\u0259zaland\u0131r\u0131l\u0131b.<\/strong><\/p>\n<p><a href=\"https:\/\/Millinews.az\" target=\"_blank\" class=\"kw-link\" rel=\"noopener\">Millinews.az<\/a> Qafqazinfo-ya istinad\u0259n x\u0259b\u0259r verir ki, bar\u0259sind\u0259 Cinay\u0259t M\u0259c\u0259ll\u0259sinin 153-c\u00fc (\u018fxlaqs\u0131z h\u0259r\u0259k\u0259tl\u0259r) madd\u0259si il\u0259 i\u015f a\u00e7\u0131lm\u0131\u015f 1977-ci il t\u0259v\u0259ll\u00fcdl\u00fc B\u0259xtiyar Quliyev\u0259 (\u015f\u0259rti) h\u00f6km oxunub. Sabun\u00e7u Rayon M\u0259hk\u0259m\u0259sinin h\u00f6km\u00fc il\u0259 ona 3 il 3 ay m\u00fcdd\u0259tin\u0259 h\u0259bs c\u0259zas\u0131 verilib.<\/p>\n<p>Ara\u015fd\u0131rmalar zaman\u0131 m\u0259lum olub ki, icar\u0259y\u0259 g\u00f6t\u00fcrd\u00fcy\u00fc \u201cToyota Prius\u201d markal\u0131 avtomobill\u0259 taksi f\u0259aliyy\u0259ti g\u00f6st\u0259r\u0259n B\u0259xtiyar ilk d\u0259f\u0259 mart\u0131n \u0259vv\u0259ll\u0259rind\u0259 m\u0259kt\u0259bin qar\u015f\u0131s\u0131na g\u0259lib. O, avtomobild\u0259n d\u00fc\u015fm\u0259d\u0259n 2010-cu il t\u0259v\u0259ll\u00fcdl\u00fc \u015fagirdi p\u0259nc\u0259r\u0259d\u0259n \u00e7a\u011f\u0131r\u0131b, ona qeyri-etik t\u0259klifl\u0259r edib.<\/p>\n<p>N\u00f6vb\u0259ti d\u0259f\u0259 o, mayda h\u0259min m\u0259kt\u0259bin \u00f6n\u00fcn\u0259 g\u0259lib v\u0259 yen\u0259 ma\u015f\u0131ndan enm\u0259d\u0259n 2008-ci il t\u0259v\u0259ll\u00fcdl\u00fc \u015fagird\u0259 \u0259xlaqs\u0131z t\u0259klifl\u0259r edib. Birinci hadis\u0259d\u0259 13 ya\u015fl\u0131 q\u0131z qorxaraq qa\u00e7\u0131b. May ay\u0131nda ba\u015f ver\u0259n hadis\u0259 zaman\u0131 is\u0259 9-ci sinifd\u0259 oxuyan q\u0131z q\u0131\u015fq\u0131raraq haray sal\u0131b v\u0259 hadis\u0259 bar\u0259d\u0259 yax\u0131nlar\u0131na m\u0259lumat verib.<\/p>\n<p>Bundan sonra axtar\u0131\u015f t\u0259dbirl\u0259ri h\u0259yata ke\u00e7irilib v\u0259 B\u0259xtiyar Quliyevin \u015f\u0259xsiyy\u0259ti m\u00fc\u0259yy\u0259n edilib. <\/p>\n<p>&#13;<br \/>\n        &#13;<br \/>\n&#13;<br \/>\n        &#13;<br \/>\n&#13;<\/p>\n<p><noscript><\/p>\n<p>You must enable Javascript on your browser for the site to work optimally and display sections completely.<\/p>\n<p><\/noscript>\t\t&#13;<br \/>\n\t\t&#13;\n    <\/div>\n<p><script type=\"text\/javascript\">jQuery(document).ready(function () {\n(function(d, s, id) {\n    var js, fjs = d.getElementsByTagName(s)[0];\n    if (d.getElementById(id))\n        return;\n    js = d.createElement(s);\n    js.id = id;\n    js.src = \"\/\/connect.facebook.net\/az_AZ\/all.js#xfbml=1&appId=1002485763137712\";\n    fjs.parentNode.insertBefore(js, fjs);\n}(document, 'script', 'facebook-jssdk'));                \n});<\/script><\/p>\n","protected":false},"excerpt":{"rendered":"<p>&#13; &#13; Bu ilin mart v\u0259 may aylar\u0131nda Bak\u0131n\u0131n Sabun\u00e7u rayonundak\u0131 m\u0259kt\u0259bl\u0259rd\u0259n birinin qar\u015f\u0131s\u0131nda \u015fagirdl\u0259r\u0259 \u0259xlaqs\u0131z t\u0259klifl\u0259r ed\u0259n taksi s\u00fcr\u00fcc\u00fcs\u00fc c\u0259zaland\u0131r\u0131l\u0131b. Millinews.az Qafqazinfo-ya istinad\u0259n x\u0259b\u0259r verir ki, bar\u0259sind\u0259 Cinay\u0259t M\u0259c\u0259ll\u0259sinin 153-c\u00fc (\u018fxlaqs\u0131z h\u0259r\u0259k\u0259tl\u0259r) madd\u0259si il\u0259 i\u015f a\u00e7\u0131lm\u0131\u015f 1977-ci il t\u0259v\u0259ll\u00fcdl\u00fc B\u0259xtiyar Quliyev\u0259 (\u015f\u0259rti) h\u00f6km oxunub. Sabun\u00e7u Rayon M\u0259hk\u0259m\u0259sinin h\u00f6km\u00fc il\u0259 ona 3 il 3 ay &hellip;<\/p>\n","protected":false},"author":1,"featured_media":4320,"comment_status":"open","ping_status":"closed","sticky":false,"template":"","format":"standard","meta":{"footnotes":""},"categories":[9],"tags":[],"class_list":["post-4319","post","type-post","status-publish","format-standard","has-post-thumbnail","hentry","category-xeber"],"_links":{"self":[{"href":"https:\/\/millitv.net\/index.php?rest_route=\/wp\/v2\/posts\/4319","targetHints":{"allow":["GET"]}}],"collection":[{"href":"https:\/\/millitv.net\/index.php?rest_route=\/wp\/v2\/posts"}],"about":[{"href":"https:\/\/millitv.net\/index.php?rest_route=\/wp\/v2\/types\/post"}],"author":[{"embeddable":true,"href":"https:\/\/millitv.net\/index.php?rest_route=\/wp\/v2\/users\/1"}],"replies":[{"embeddable":true,"href":"https:\/\/millitv.net\/index.php?rest_route=%2Fwp%2Fv2%2Fcomments&post=4319"}],"version-history":[{"count":0,"href":"https:\/\/millitv.net\/index.php?rest_route=\/wp\/v2\/posts\/4319\/revisions"}],"wp:featuredmedia":[{"embeddable":true,"href":"https:\/\/millitv.net\/index.php?rest_route=\/wp\/v2\/media\/4320"}],"wp:attachment":[{"href":"https:\/\/millitv.net\/index.php?rest_route=%2Fwp%2Fv2%2Fmedia&parent=4319"}],"wp:term":[{"taxonomy":"category","embeddable":true,"href":"https:\/\/millitv.net\/index.php?rest_route=%2Fwp%2Fv2%2Fcategories&post=4319"},{"taxonomy":"post_tag","embeddable":true,"href":"https:\/\/millitv.net\/index.php?rest_route=%2Fwp%2Fv2%2Ftags&post=4319"}],"curies":[{"name":"wp","href":"https:\/\/api.w.org\/{rel}","templated":true}]}}