{"id":4313,"date":"2023-10-23T18:24:10","date_gmt":"2023-10-23T18:24:10","guid":{"rendered":"https:\/\/millinews.az\/xeber\/yasar-gul%C9%99r-az%C9%99rbaycana-g%C9%99ldi-video\/"},"modified":"2023-10-23T18:24:10","modified_gmt":"2023-10-23T18:24:10","slug":"yasar-gul%C9%99r-az%C9%99rbaycana-g%C9%99ldi-video","status":"publish","type":"post","link":"https:\/\/millitv.net\/?p=4313","title":{"rendered":"Ya\u015far G\u00fcl\u0259r \u200b\u200bAz\u0259rbaycana g\u0259ldi &#8211; V\u0130DEO"},"content":{"rendered":"<div id=\"maincontent\">&#13;<br \/>\n        &#13;<\/p>\n<p><strong>T\u00fcrkiy\u0259nin milli m\u00fcdafi\u0259 naziri Ya\u015far G\u00fcl\u0259r Az\u0259rbaycana g\u0259lib.<\/strong><\/p>\n<p><a href=\"https:\/\/Millinews.az\" target=\"_blank\" class=\"kw-link\" rel=\"noopener\">Millinews.az<\/a> x\u0259b\u0259r verir ki, bu haqda T\u00fcrkiy\u0259nin Milli M\u00fcdafi\u0259 Nazirliyi m\u0259lumat yay\u0131b. &#13;\n<\/p>\n<p>Bildirilib ki, nazir Az\u0259rbaycana \u201cMustafa Kamal Atat\u00fcrk-2023\u201d t\u0259limini izl\u0259m\u0259k v\u0259 ikit\u0259r\u0259fli g\u00f6r\u00fc\u015fl\u0259r ke\u00e7irm\u0259k \u00fc\u00e7\u00fcn g\u0259lib.<\/p>\n<p>Nazir Ya\u015far G\u00fcl\u0259ri hava liman\u0131nda Az\u0259rbaycan\u0131n ordusunun Ba\u015f Q\u0259rargah r\u0259isi general-polkovnik K\u0259rim V\u0259liyev, T\u00fcrkiy\u0259nin Az\u0259rbaycandak\u0131 s\u0259firi Cahit Ba\u011fc\u0131 v\u0259 dig\u0259r h\u0259rbi n\u00fcmay\u0259nd\u0259l\u0259r qar\u015f\u0131lay\u0131blar.<\/p>\n<p><iframe loading=\"lazy\" title=\"Mill\u00ee Savunma Bakan\u0131 Ya\u015far G\u00fcler, Azerbaycan\u2019a Gitti\" width=\"500\" height=\"281\" src=\"https:\/\/www.youtube.com\/embed\/Gs3O0gi9fHs?feature=oembed\" frameborder=\"0\" allow=\"accelerometer; autoplay; clipboard-write; encrypted-media; gyroscope; picture-in-picture; web-share\" referrerpolicy=\"strict-origin-when-cross-origin\" allowfullscreen><\/iframe>&#13;<br \/>\n        &#13;<br \/>\n&#13;<br \/>\n        &#13;<br \/>\n&#13;\n        <\/p>\n<p><noscript><\/p>\n<p>You must enable Javascript on your browser for the site to work optimally and display sections completely.<\/p>\n<p><\/noscript>\t\t&#13;<br \/>\n\t\t&#13;\n    <\/div>\n<p><script type=\"text\/javascript\">jQuery(document).ready(function () {\n(function(d, s, id) {\n    var js, fjs = d.getElementsByTagName(s)[0];\n    if (d.getElementById(id))\n        return;\n    js = d.createElement(s);\n    js.id = id;\n    js.src = \"\/\/connect.facebook.net\/az_AZ\/all.js#xfbml=1&appId=1002485763137712\";\n    fjs.parentNode.insertBefore(js, fjs);\n}(document, 'script', 'facebook-jssdk'));                \n$('.fancybox').fancybox();\n});<\/script><\/p>\n","protected":false},"excerpt":{"rendered":"<p>&#13; &#13; T\u00fcrkiy\u0259nin milli m\u00fcdafi\u0259 naziri Ya\u015far G\u00fcl\u0259r Az\u0259rbaycana g\u0259lib. Millinews.az x\u0259b\u0259r verir ki, bu haqda T\u00fcrkiy\u0259nin Milli M\u00fcdafi\u0259 Nazirliyi m\u0259lumat yay\u0131b. &#13; Bildirilib ki, nazir Az\u0259rbaycana \u201cMustafa Kamal Atat\u00fcrk-2023\u201d t\u0259limini izl\u0259m\u0259k v\u0259 ikit\u0259r\u0259fli g\u00f6r\u00fc\u015fl\u0259r ke\u00e7irm\u0259k \u00fc\u00e7\u00fcn g\u0259lib. Nazir Ya\u015far G\u00fcl\u0259ri hava liman\u0131nda Az\u0259rbaycan\u0131n ordusunun Ba\u015f Q\u0259rargah r\u0259isi general-polkovnik K\u0259rim V\u0259liyev, T\u00fcrkiy\u0259nin Az\u0259rbaycandak\u0131 s\u0259firi Cahit &hellip;<\/p>\n","protected":false},"author":1,"featured_media":4314,"comment_status":"open","ping_status":"closed","sticky":false,"template":"","format":"standard","meta":{"footnotes":""},"categories":[9],"tags":[],"class_list":["post-4313","post","type-post","status-publish","format-standard","has-post-thumbnail","hentry","category-xeber"],"_links":{"self":[{"href":"https:\/\/millitv.net\/index.php?rest_route=\/wp\/v2\/posts\/4313","targetHints":{"allow":["GET"]}}],"collection":[{"href":"https:\/\/millitv.net\/index.php?rest_route=\/wp\/v2\/posts"}],"about":[{"href":"https:\/\/millitv.net\/index.php?rest_route=\/wp\/v2\/types\/post"}],"author":[{"embeddable":true,"href":"https:\/\/millitv.net\/index.php?rest_route=\/wp\/v2\/users\/1"}],"replies":[{"embeddable":true,"href":"https:\/\/millitv.net\/index.php?rest_route=%2Fwp%2Fv2%2Fcomments&post=4313"}],"version-history":[{"count":0,"href":"https:\/\/millitv.net\/index.php?rest_route=\/wp\/v2\/posts\/4313\/revisions"}],"wp:featuredmedia":[{"embeddable":true,"href":"https:\/\/millitv.net\/index.php?rest_route=\/wp\/v2\/media\/4314"}],"wp:attachment":[{"href":"https:\/\/millitv.net\/index.php?rest_route=%2Fwp%2Fv2%2Fmedia&parent=4313"}],"wp:term":[{"taxonomy":"category","embeddable":true,"href":"https:\/\/millitv.net\/index.php?rest_route=%2Fwp%2Fv2%2Fcategories&post=4313"},{"taxonomy":"post_tag","embeddable":true,"href":"https:\/\/millitv.net\/index.php?rest_route=%2Fwp%2Fv2%2Ftags&post=4313"}],"curies":[{"name":"wp","href":"https:\/\/api.w.org\/{rel}","templated":true}]}}