{"id":4303,"date":"2023-10-23T18:02:01","date_gmt":"2023-10-23T18:02:01","guid":{"rendered":"https:\/\/millinews.az\/xeber\/bu-s%C9%99xsl%C9%99r-ipoteka-krediti-ala-bil%C9%99c%C9%99kl%C9%99r\/"},"modified":"2023-10-23T18:02:01","modified_gmt":"2023-10-23T18:02:01","slug":"bu-s%C9%99xsl%C9%99r-ipoteka-krediti-ala-bil%C9%99c%C9%99kl%C9%99r","status":"publish","type":"post","link":"https:\/\/millitv.net\/?p=4303","title":{"rendered":"Bu \u015f\u0259xsl\u0259r ipoteka krediti ala bil\u0259c\u0259kl\u0259r"},"content":{"rendered":"<div id=\"maincontent\">&#13;<br \/>\n        &#13;<\/p>\n<p><strong>Az\u0259rbaycan\u0131n i\u015f\u011faldan azad edilmi\u015f \u0259razil\u0259rin\u0259 \u201cB\u00f6y\u00fck Qay\u0131d\u0131\u015f\u201d proqram\u0131 \u00e7\u0259r\u00e7iv\u0259sind\u0259, eyni zamanda g\u0259l\u0259c\u0259kd\u0259 bu \u0259razil\u0259rd\u0259 ya\u015fayan \u015f\u0259xsl\u0259rin ipoteka kreditl\u0259rind\u0259n faydalanmas\u0131 \u00fc\u00e7\u00fcn m\u00fcvafiq t\u0259dbirl\u0259r haz\u0131rlan\u0131b.<\/strong><\/p>\n<p><a href=\"https:\/\/Millinews.az\" target=\"_blank\" class=\"kw-link\" rel=\"noopener\">Millinews.az<\/a> x\u0259b\u0259r verir ki, bunu \u0130poteka Kredit v\u0259 Z\u0259man\u0259t Fondunun (\u0130KZF) ba\u015f direktoru \u0130lham K\u0259l\u0259\u015fov ATV kanal\u0131nda yay\u0131mlanan \u201c\u0130qtisadi zona\u201d verili\u015find\u0259 deyib. &#13;\n<\/p>\n<p>\u201cBundan ba\u015fqa, \u0259halinin ipoteka kreditl\u0259\u015fm\u0259sin\u0259 \u00e7\u0131x\u0131\u015f imkan\u0131n\u0131n geni\u015fl\u0259ndirilm\u0259si m\u0259qs\u0259di il\u0259 sabit vergi \u00f6d\u0259yicil\u0259rinin d\u0259 (a\u015fpaz, b\u0259rb\u0259r, day\u0259 v\u0259 dig\u0259rl\u0259ri) ipoteka kreditl\u0259rin\u0259 \u00e7\u0131x\u0131\u015f\u0131n\u0131 t\u0259min etm\u0259k \u00fc\u00e7\u00fcn m\u00fcvafiq t\u0259dbirl\u0259r haz\u0131rlan\u0131b\u201d, &#8211; \u0130. K\u0259l\u0259\u015fov deyib.<br \/>Onun s\u00f6zl\u0259rin\u0259 g\u00f6r\u0259, bu yenilikl\u0259rin t\u0259tbiqi il\u0259 ba\u011fl\u0131 t\u0259klifl\u0259r qanunvericilik \u015f\u0259klind\u0259 aidiyy\u0259ti \u00fczr\u0259 t\u0259qdim edilib: \u201cM\u00fcvafiq qaydada t\u0259sdiq prosesini ke\u00e7dikd\u0259n sonra, y\u0259qin ki, yax\u0131n vaxtlarda bu yenilikl\u0259rin d\u0259 istifad\u0259si m\u00fcmk\u00fcn olacaq\u201d.<\/p>\n<p>\u0130KZF-nun ba\u015f direktoru vur\u011fulay\u0131b ki, son ill\u0259rd\u0259 \u00f6lk\u0259d\u0259 h\u0259yata ke\u00e7iril\u0259n iqtisadi islahatlar \u00e7\u0259r\u00e7iv\u0259sind\u0259, eyni zamanda \u201c2022-2026-c\u0131 ill\u0259rd\u0259 sosial-\u0130qtisadi inki\u015faf Strategiyas\u0131\u201d, \u201cB\u00f6y\u00fck Qay\u0131d\u0131\u015f\u201dla ba\u011fl\u0131 I d\u00f6vl\u0259t proqram\u0131 \u00e7\u0259r\u00e7iv\u0259sind\u0259 \u0259h\u0259miyy\u0259tli i\u015fl\u0259r g\u00f6r\u00fcl\u00fcr.&#13;<br \/>\n        &#13;<br \/>\n&#13;<br \/>\n        &#13;<br \/>\n&#13;\n        <\/p>\n<p><noscript><\/p>\n<p>You must enable Javascript on your browser for the site to work optimally and display sections completely.<\/p>\n<p><\/noscript>\t\t&#13;<br \/>\n\t\t&#13;\n    <\/div>\n<p><script type=\"text\/javascript\">jQuery(document).ready(function () {\n(function(d, s, id) {\n    var js, fjs = d.getElementsByTagName(s)[0];\n    if (d.getElementById(id))\n        return;\n    js = d.createElement(s);\n    js.id = id;\n    js.src = \"\/\/connect.facebook.net\/az_AZ\/all.js#xfbml=1&appId=1002485763137712\";\n    fjs.parentNode.insertBefore(js, fjs);\n}(document, 'script', 'facebook-jssdk'));                \n});<\/script><\/p>\n","protected":false},"excerpt":{"rendered":"<p>&#13; &#13; Az\u0259rbaycan\u0131n i\u015f\u011faldan azad edilmi\u015f \u0259razil\u0259rin\u0259 \u201cB\u00f6y\u00fck Qay\u0131d\u0131\u015f\u201d proqram\u0131 \u00e7\u0259r\u00e7iv\u0259sind\u0259, eyni zamanda g\u0259l\u0259c\u0259kd\u0259 bu \u0259razil\u0259rd\u0259 ya\u015fayan \u015f\u0259xsl\u0259rin ipoteka kreditl\u0259rind\u0259n faydalanmas\u0131 \u00fc\u00e7\u00fcn m\u00fcvafiq t\u0259dbirl\u0259r haz\u0131rlan\u0131b. Millinews.az x\u0259b\u0259r verir ki, bunu \u0130poteka Kredit v\u0259 Z\u0259man\u0259t Fondunun (\u0130KZF) ba\u015f direktoru \u0130lham K\u0259l\u0259\u015fov ATV kanal\u0131nda yay\u0131mlanan \u201c\u0130qtisadi zona\u201d verili\u015find\u0259 deyib. &#13; \u201cBundan ba\u015fqa, \u0259halinin ipoteka kreditl\u0259\u015fm\u0259sin\u0259 \u00e7\u0131x\u0131\u015f imkan\u0131n\u0131n &hellip;<\/p>\n","protected":false},"author":1,"featured_media":4304,"comment_status":"open","ping_status":"closed","sticky":false,"template":"","format":"standard","meta":{"footnotes":""},"categories":[9],"tags":[],"class_list":["post-4303","post","type-post","status-publish","format-standard","has-post-thumbnail","hentry","category-xeber"],"_links":{"self":[{"href":"https:\/\/millitv.net\/index.php?rest_route=\/wp\/v2\/posts\/4303","targetHints":{"allow":["GET"]}}],"collection":[{"href":"https:\/\/millitv.net\/index.php?rest_route=\/wp\/v2\/posts"}],"about":[{"href":"https:\/\/millitv.net\/index.php?rest_route=\/wp\/v2\/types\/post"}],"author":[{"embeddable":true,"href":"https:\/\/millitv.net\/index.php?rest_route=\/wp\/v2\/users\/1"}],"replies":[{"embeddable":true,"href":"https:\/\/millitv.net\/index.php?rest_route=%2Fwp%2Fv2%2Fcomments&post=4303"}],"version-history":[{"count":0,"href":"https:\/\/millitv.net\/index.php?rest_route=\/wp\/v2\/posts\/4303\/revisions"}],"wp:featuredmedia":[{"embeddable":true,"href":"https:\/\/millitv.net\/index.php?rest_route=\/wp\/v2\/media\/4304"}],"wp:attachment":[{"href":"https:\/\/millitv.net\/index.php?rest_route=%2Fwp%2Fv2%2Fmedia&parent=4303"}],"wp:term":[{"taxonomy":"category","embeddable":true,"href":"https:\/\/millitv.net\/index.php?rest_route=%2Fwp%2Fv2%2Fcategories&post=4303"},{"taxonomy":"post_tag","embeddable":true,"href":"https:\/\/millitv.net\/index.php?rest_route=%2Fwp%2Fv2%2Ftags&post=4303"}],"curies":[{"name":"wp","href":"https:\/\/api.w.org\/{rel}","templated":true}]}}