{"id":4301,"date":"2023-10-23T17:55:05","date_gmt":"2023-10-23T17:55:05","guid":{"rendered":"https:\/\/millinews.az\/xeber\/yeni-yasayis-m%C9%99nt%C9%99q%C9%99si-yaradilir-adi-bel%C9%99-olacaq\/"},"modified":"2023-10-23T17:55:05","modified_gmt":"2023-10-23T17:55:05","slug":"yeni-yasayis-m%C9%99nt%C9%99q%C9%99si-yaradilir-adi-bel%C9%99-olacaq","status":"publish","type":"post","link":"https:\/\/millitv.net\/?p=4301","title":{"rendered":"Yeni ya\u015fay\u0131\u015f m\u0259nt\u0259q\u0259si yarad\u0131l\u0131r &#8211; Ad\u0131 bel\u0259 olacaq"},"content":{"rendered":"<div id=\"maincontent\">&#13;<br \/>\n        &#13;<\/p>\n<p><strong>Oktyabr\u0131n 23-d\u0259 Az\u0259rbaycan Respublikas\u0131n\u0131n Milli M\u0259clisi yan\u0131nda Toponimiya Komissiyas\u0131n\u0131n iclas\u0131 ke\u00e7irilib.<\/strong><\/p>\n<p>Bu bar\u0259d\u0259 <a href=\"https:\/\/Millinews.az\" target=\"_blank\" class=\"kw-link\" rel=\"noopener\">Millinews.az<\/a>-a Milli M\u0259clisin M\u0259tbuat v\u0259 ictimaiyy\u0259tl\u0259 \u0259laq\u0259l\u0259r \u015f\u00f6b\u0259sind\u0259n x\u0259b\u0259r verilib. &#13;\n<\/p>\n<p>Toponimiya Komissiyas\u0131n\u0131n s\u0259dri, deputat \u0130sa H\u0259bibb\u0259yli bildirib ki, g\u00fcnd\u0259liy\u0259 Ab\u015feron rayonunun inzibati \u0259razisind\u0259 yeni sal\u0131nm\u0131\u015f ya\u015fay\u0131\u015f m\u0259nt\u0259q\u0259sin\u0259 ad verilm\u0259si bar\u0259d\u0259 m\u0259s\u0259l\u0259 daxil edilib.<\/p>\n<p>Komissiya s\u0259dri \u0130sa H\u0259bibb\u0259yli M\u00fcz\u0259ff\u0259r Ali Ba\u015f Komandan \u0130lham \u018fliyevin r\u0259hb\u0259rliyi il\u0259 Qaraba\u011fda qazan\u0131lan tarixi q\u0259l\u0259b\u0259, \u00f6lk\u0259 Prezidentinin Xank\u0259ndi, Xocal\u0131, Xocav\u0259nd v\u0259 A\u011fd\u0259r\u0259d\u0259 d\u00f6vl\u0259t bayra\u011f\u0131n\u0131n ucaltmas\u0131 v\u0259 bununla Az\u0259rbaycan\u0131n \u0259razi b\u00fct\u00f6vl\u00fcy\u00fcn\u00fcn v\u0259 suverenliyinin tam b\u0259rpa edilm\u0259si il\u0259 ba\u011fl\u0131 fikirl\u0259rini b\u00f6l\u00fc\u015f\u00fcb. O, b\u00f6lg\u0259d\u0259 yaranm\u0131\u015f yeni reall\u0131qlar \u00e7\u0259r\u00e7iv\u0259sind\u0259 i\u015f\u011faldan azad olunmu\u015f \u0259razil\u0259rd\u0259 bir \u00e7ox yer adlar\u0131n\u0131n d\u0259yi\u015fdirilm\u0259si il\u0259 \u0259laq\u0259dar m\u0259s\u0259l\u0259l\u0259r\u0259 Toponimiya Komissiyas\u0131nda bax\u0131ld\u0131\u011f\u0131n\u0131 v\u0259 m\u00fcvafiq q\u0259rarlar\u0131n q\u0259bul edildiyini s\u00f6yl\u0259yib.<\/p>\n<p>Komissiya s\u0259dri bug\u00fcnk\u00fc iclasda m\u00fczakir\u0259y\u0259 \u00e7\u0131xar\u0131lan m\u0259s\u0259l\u0259nin mahiyy\u0259ti bar\u0259d\u0259 dan\u0131\u015faraq, Ab\u015feron rayonunun inzibati \u0259razisind\u0259 yeni sal\u0131nm\u0131\u015f ya\u015fay\u0131\u015f m\u0259nt\u0259q\u0259sin\u0259 ad verilm\u0259si il\u0259 ba\u011fl\u0131 v\u0259t\u0259nda\u015flardan m\u00fcraci\u0259t daxil oldu\u011funu bildirib. O, qeyd edib ki, m\u00fcraci\u0259td\u0259 bu ya\u015fay\u0131\u015f m\u0259nt\u0259q\u0259sin\u0259 \u201c\u015e\u0259f\u0259q\u201d ad\u0131n\u0131n verilm\u0259si t\u0259klif olunur.<\/p>\n<p>\u0130clasda Ab\u015feron rayonunun inzibat \u0259razisind\u0259 sal\u0131nm\u0131\u015f yeni ya\u015fay\u0131\u015f m\u0259nt\u0259q\u0259sinin \u201c\u015e\u0259f\u0259q\u201d adland\u0131r\u0131lmas\u0131 m\u0259qs\u0259d\u0259m\u00fcvafiq hesab olunub.<\/p>\n<p>T\u0259dbird\u0259 AMEA R\u0259yas\u0259t Hey\u0259tinin elmi katibi Co\u015fqun M\u0259mm\u0259dov, parlament Aparat\u0131n\u0131n m\u00fcvafiq \u015f\u00f6b\u0259l\u0259rinin \u0259m\u0259kda\u015flar\u0131 i\u015ftirak edibl\u0259r.&#13;<br \/>\n        &#13;<br \/>\n&#13;<br \/>\n        &#13;<br \/>\n&#13;\n        <\/p>\n<p><noscript><\/p>\n<p>You must enable Javascript on your browser for the site to work optimally and display sections completely.<\/p>\n<p><\/noscript>\t\t&#13;<br \/>\n\t\t&#13;\n    <\/div>\n<p><script type=\"text\/javascript\">jQuery(document).ready(function () {\n(function(d, s, id) {\n    var js, fjs = d.getElementsByTagName(s)[0];\n    if (d.getElementById(id))\n        return;\n    js = d.createElement(s);\n    js.id = id;\n    js.src = \"\/\/connect.facebook.net\/az_AZ\/all.js#xfbml=1&appId=1002485763137712\";\n    fjs.parentNode.insertBefore(js, fjs);\n}(document, 'script', 'facebook-jssdk'));                \n});<\/script><\/p>\n","protected":false},"excerpt":{"rendered":"<p>&#13; &#13; Oktyabr\u0131n 23-d\u0259 Az\u0259rbaycan Respublikas\u0131n\u0131n Milli M\u0259clisi yan\u0131nda Toponimiya Komissiyas\u0131n\u0131n iclas\u0131 ke\u00e7irilib. Bu bar\u0259d\u0259 Millinews.az-a Milli M\u0259clisin M\u0259tbuat v\u0259 ictimaiyy\u0259tl\u0259 \u0259laq\u0259l\u0259r \u015f\u00f6b\u0259sind\u0259n x\u0259b\u0259r verilib. &#13; Toponimiya Komissiyas\u0131n\u0131n s\u0259dri, deputat \u0130sa H\u0259bibb\u0259yli bildirib ki, g\u00fcnd\u0259liy\u0259 Ab\u015feron rayonunun inzibati \u0259razisind\u0259 yeni sal\u0131nm\u0131\u015f ya\u015fay\u0131\u015f m\u0259nt\u0259q\u0259sin\u0259 ad verilm\u0259si bar\u0259d\u0259 m\u0259s\u0259l\u0259 daxil edilib. Komissiya s\u0259dri \u0130sa H\u0259bibb\u0259yli M\u00fcz\u0259ff\u0259r Ali &hellip;<\/p>\n","protected":false},"author":1,"featured_media":4302,"comment_status":"open","ping_status":"closed","sticky":false,"template":"","format":"standard","meta":{"footnotes":""},"categories":[9],"tags":[],"class_list":["post-4301","post","type-post","status-publish","format-standard","has-post-thumbnail","hentry","category-xeber"],"_links":{"self":[{"href":"https:\/\/millitv.net\/index.php?rest_route=\/wp\/v2\/posts\/4301","targetHints":{"allow":["GET"]}}],"collection":[{"href":"https:\/\/millitv.net\/index.php?rest_route=\/wp\/v2\/posts"}],"about":[{"href":"https:\/\/millitv.net\/index.php?rest_route=\/wp\/v2\/types\/post"}],"author":[{"embeddable":true,"href":"https:\/\/millitv.net\/index.php?rest_route=\/wp\/v2\/users\/1"}],"replies":[{"embeddable":true,"href":"https:\/\/millitv.net\/index.php?rest_route=%2Fwp%2Fv2%2Fcomments&post=4301"}],"version-history":[{"count":0,"href":"https:\/\/millitv.net\/index.php?rest_route=\/wp\/v2\/posts\/4301\/revisions"}],"wp:featuredmedia":[{"embeddable":true,"href":"https:\/\/millitv.net\/index.php?rest_route=\/wp\/v2\/media\/4302"}],"wp:attachment":[{"href":"https:\/\/millitv.net\/index.php?rest_route=%2Fwp%2Fv2%2Fmedia&parent=4301"}],"wp:term":[{"taxonomy":"category","embeddable":true,"href":"https:\/\/millitv.net\/index.php?rest_route=%2Fwp%2Fv2%2Fcategories&post=4301"},{"taxonomy":"post_tag","embeddable":true,"href":"https:\/\/millitv.net\/index.php?rest_route=%2Fwp%2Fv2%2Ftags&post=4301"}],"curies":[{"name":"wp","href":"https:\/\/api.w.org\/{rel}","templated":true}]}}