{"id":429,"date":"2023-08-22T05:34:27","date_gmt":"2023-08-22T05:34:27","guid":{"rendered":"https:\/\/millinews.az\/?p=429"},"modified":"2023-08-22T05:34:28","modified_gmt":"2023-08-22T05:34:28","slug":"v%c9%99t%c9%99n-muharib%c9%99si-s%c9%99hidinin-%c9%99kiz-baci-qardasi-dunyaya-g%c9%99lib-foto","status":"publish","type":"post","link":"https:\/\/millitv.net\/?p=429","title":{"rendered":"V\u0259t\u0259n m\u00fcharib\u0259si \u015f\u0259hidinin \u0259kiz bac\u0131-qarda\u015f\u0131 d\u00fcnyaya g\u0259lib &#8211; FOTO"},"content":{"rendered":"\n<p><strong>V\u0259t\u0259n m\u00fcharib\u0259sind\u0259 \u015f\u0259hid olan Musa M\u0259h\u0259mm\u0259dovun ail\u0259sind\u0259n sevindirici x\u0259b\u0259r var.<\/strong><\/p>\n\n\n\n<p>Quba rayonunun Z\u0259rdabi q\u0259s\u0259b\u0259sind\u0259n olan V\u0259t\u0259n M\u00fcharib\u0259si \u015f\u0259hidi&nbsp;Musa B\u0259hram o\u011flu M\u0259h\u0259mm\u0259dovun valideynl\u0259ri B\u0259hram v\u0259 R\u00fcbab\u0259 M\u0259h\u0259mm\u0259dovlar\u0131n ail\u0259sind\u0259 Musa v\u0259 Alisa adl\u0131 \u0259kizl\u0259r d\u00fcnyaya g\u0259lib.<\/p>\n\n\n\n<figure class=\"wp-block-image\"><img decoding=\"async\" src=\"https:\/\/cdn.oxu.az\/uploads\/W1siZiIsIjIwMjMvMDgvMjEvMjIvMDgvMDEvMjkyOGJmYzEtM2NmZC00ODU1LWI1NGUtZDk0MjhmYjE0MzJmLzM2OTY4ODU2MF82NjczNjA2NTU0MjA3MzdfMjczODExNjk2NDk4OTI5ODM3OV9uLmpwZyJdLFsicCIsImVuY29kZSIsImpwZyIsIi1xdWFsaXR5IDgwIl0sWyJwIiwidGh1bWIiLCI1OTB4NTkwXHUwMDNlIl1d?sha=17d3d85322b54da0\" alt=\"\" title=\"\"><\/figure>\n\n\n\n<figure class=\"wp-block-image\"><img decoding=\"async\" src=\"https:\/\/cdn.oxu.az\/uploads\/W1siZiIsIjIwMjMvMDgvMjEvMjIvMDgvMDEvNDJiMDk2NzMtZDUzOC00NDk3LWFmZWItYzA2YTc4OGZjNjAxLzM2OTcwNjMxMV82NjczNjA2OTg3NTQwNjZfMTU5NjQ2NjM1ODM4Mzg0Nzg3NV9uLmpwZyJdLFsicCIsImVuY29kZSIsImpwZyIsIi1xdWFsaXR5IDgwIl0sWyJwIiwidGh1bWIiLCI1OTB4NTkwXHUwMDNlIl1d?sha=24b57aac978bfde5\" alt=\"\" title=\"\"><\/figure>\n\n\n\n<figure class=\"wp-block-image\"><img decoding=\"async\" src=\"https:\/\/cdn.oxu.az\/uploads\/W1siZiIsIjIwMjMvMDgvMjEvMjIvMDgvMDEvM2Q3ZTA4NDItODUxYi00ZDlmLTgwOTMtNDQyMjllNDc5NzA2LzM2OTQ3NDQxOV82NjczNjA3OTIwODczOTBfMTQ2NDIyMjkwMzQ4NzE5MzI1OV9uLmpwZyJdLFsicCIsImVuY29kZSIsImpwZyIsIi1xdWFsaXR5IDgwIl0sWyJwIiwidGh1bWIiLCI1OTB4NTkwXHUwMDNlIl1d?sha=389c640e5bbb0388\" alt=\"\" title=\"\"><\/figure>\n\n\n\n<figure class=\"wp-block-image\"><img decoding=\"async\" src=\"https:\/\/cdn.oxu.az\/uploads\/W1siZiIsIjIwMjMvMDgvMjEvMjIvMDgvMDEvNTg5MTA3MmQtOTZjYi00OWQ1LTkwMTEtMzcwYjliNTViOWNiLzM2OTUxMDgzNl82NjczNjA4NDIwODczODVfODczNjI2NTAzNjU5NDY1MDJfbi5qcGciXSxbInAiLCJlbmNvZGUiLCJqcGciLCItcXVhbGl0eSA4MCJdLFsicCIsInRodW1iIiwiNTkweDU5MFx1MDAzZSJdXQ?sha=be78b32eeacdf366\" alt=\"\" title=\"\"><\/figure>\n\n\n\n<figure class=\"wp-block-image\"><img decoding=\"async\" src=\"https:\/\/cdn.oxu.az\/uploads\/W1siZiIsIjIwMjMvMDgvMjEvMjIvMDgvMDEvMmFiOTJiNDQtM2RkNi00YWU1LThlNGUtMzVkZTUyOTQxMmI5LzM2OTUzMDc0OV82NjczNjA3NDU0MjA3MjhfMjM5NDI4MjM4OTIyNDMyMDU2Ml9uLmpwZyJdLFsicCIsImVuY29kZSIsImpwZyIsIi1xdWFsaXR5IDgwIl0sWyJwIiwidGh1bWIiLCI1OTB4NTkwXHUwMDNlIl1d?sha=1f40db08ab2567fd\" alt=\"\" title=\"\"><\/figure>\n\n\n\n<p>Qeyd ed\u0259k ki,&nbsp;Musa M\u0259h\u0259mm\u0259dov&nbsp;2020-ci il&nbsp;oktyabr\u0131n 2-d\u0259&nbsp;Goranboy rayonu Buzluq k\u0259ndi ya\u015fay\u0131\u015f m\u0259nt\u0259q\u0259si istiqam\u0259tind\u0259, d\u00fc\u015fm\u0259nl\u0259 t\u0259mas x\u0259ttind\u0259 h\u0259rbi \u0259m\u0259liyyatlar zaman\u0131 \u015f\u0259hid olub.<\/p>\n\n\n\n<p>O,&nbsp;Az\u0259rbaycan Respublikas\u0131n\u0131n Prezidenti&nbsp;\u0130lham \u018fliyevin&nbsp;s\u0259r\u0259ncam\u0131na \u0259sas\u0259n&nbsp;\u201cK\u0259lb\u0259c\u0259rin azad olunmas\u0131na g\u00f6r\u0259\u201d&nbsp;medal\u0131 il\u0259 t\u0259ltif edilib.<\/p>\n\n\n\n<figure class=\"wp-block-image\"><img decoding=\"async\" src=\"https:\/\/cdn.oxu.az\/uploads\/W1siZiIsIjIwMjMvMDgvMjEvMjIvMTEvNDEvYWEwZTAwMmQtN2IyYS00NmMwLWE1NWYtMTdlMWJiZGM0YzZmL011c2FfTcmZaMmZbW3JmWRvdi5qcGciXSxbInAiLCJlbmNvZGUiLCJqcGciLCItcXVhbGl0eSA4MCJdLFsicCIsInRodW1iIiwiNTkweDU5MFx1MDAzZSJdXQ?sha=4ca9a6449bdaff82\" alt=\"\" title=\"\"><\/figure>\n\n\n\n<p>\/oxu.az<\/p>\n","protected":false},"excerpt":{"rendered":"<p>V\u0259t\u0259n m\u00fcharib\u0259sind\u0259 \u015f\u0259hid olan Musa M\u0259h\u0259mm\u0259dovun ail\u0259sind\u0259n sevindirici x\u0259b\u0259r var. Quba rayonunun Z\u0259rdabi q\u0259s\u0259b\u0259sind\u0259n olan V\u0259t\u0259n M\u00fcharib\u0259si \u015f\u0259hidi&nbsp;Musa B\u0259hram o\u011flu M\u0259h\u0259mm\u0259dovun valideynl\u0259ri B\u0259hram v\u0259 R\u00fcbab\u0259 M\u0259h\u0259mm\u0259dovlar\u0131n ail\u0259sind\u0259 Musa v\u0259 Alisa adl\u0131 \u0259kizl\u0259r d\u00fcnyaya g\u0259lib. Qeyd ed\u0259k ki,&nbsp;Musa M\u0259h\u0259mm\u0259dov&nbsp;2020-ci il&nbsp;oktyabr\u0131n 2-d\u0259&nbsp;Goranboy rayonu Buzluq k\u0259ndi ya\u015fay\u0131\u015f m\u0259nt\u0259q\u0259si istiqam\u0259tind\u0259, d\u00fc\u015fm\u0259nl\u0259 t\u0259mas x\u0259ttind\u0259 h\u0259rbi \u0259m\u0259liyyatlar zaman\u0131 \u015f\u0259hid olub. O,&nbsp;Az\u0259rbaycan &hellip;<\/p>\n","protected":false},"author":1,"featured_media":430,"comment_status":"open","ping_status":"closed","sticky":false,"template":"","format":"standard","meta":{"footnotes":""},"categories":[3],"tags":[],"class_list":["post-429","post","type-post","status-publish","format-standard","has-post-thumbnail","hentry","category-olke"],"_links":{"self":[{"href":"https:\/\/millitv.net\/index.php?rest_route=\/wp\/v2\/posts\/429","targetHints":{"allow":["GET"]}}],"collection":[{"href":"https:\/\/millitv.net\/index.php?rest_route=\/wp\/v2\/posts"}],"about":[{"href":"https:\/\/millitv.net\/index.php?rest_route=\/wp\/v2\/types\/post"}],"author":[{"embeddable":true,"href":"https:\/\/millitv.net\/index.php?rest_route=\/wp\/v2\/users\/1"}],"replies":[{"embeddable":true,"href":"https:\/\/millitv.net\/index.php?rest_route=%2Fwp%2Fv2%2Fcomments&post=429"}],"version-history":[{"count":0,"href":"https:\/\/millitv.net\/index.php?rest_route=\/wp\/v2\/posts\/429\/revisions"}],"wp:featuredmedia":[{"embeddable":true,"href":"https:\/\/millitv.net\/index.php?rest_route=\/wp\/v2\/media\/430"}],"wp:attachment":[{"href":"https:\/\/millitv.net\/index.php?rest_route=%2Fwp%2Fv2%2Fmedia&parent=429"}],"wp:term":[{"taxonomy":"category","embeddable":true,"href":"https:\/\/millitv.net\/index.php?rest_route=%2Fwp%2Fv2%2Fcategories&post=429"},{"taxonomy":"post_tag","embeddable":true,"href":"https:\/\/millitv.net\/index.php?rest_route=%2Fwp%2Fv2%2Ftags&post=429"}],"curies":[{"name":"wp","href":"https:\/\/api.w.org\/{rel}","templated":true}]}}