{"id":4266,"date":"2023-10-23T16:04:47","date_gmt":"2023-10-23T16:04:47","guid":{"rendered":"https:\/\/millinews.az\/xeber\/deyirdi-ki-50-yasindan-cox-yasamayacam\/"},"modified":"2023-10-23T16:04:47","modified_gmt":"2023-10-23T16:04:47","slug":"deyirdi-ki-50-yasindan-cox-yasamayacam","status":"publish","type":"post","link":"https:\/\/millitv.net\/?p=4266","title":{"rendered":"\u201cDeyirdi ki, 50 ya\u015f\u0131ndan \u00e7ox ya\u015famayacam\u201d"},"content":{"rendered":"<div id=\"maincontent\">&#13;<br \/>\n        &#13;<\/p>\n<p><strong>\u201cO\u011flum R\u0259him R\u0259himli \u00e7ox yax\u015f\u0131 qarda\u015f v\u0259 o\u011ful idi. O ham\u0131ya qar\u015f\u0131 yax\u015f\u0131 idi. Onun yum\u015faq \u00fcr\u0259yi vard\u0131. Ona sual verirdim ki, niy\u0259 \u00f6z\u00fcn\u0259 baxm\u0131rsan, sa\u011flaml\u0131\u011f\u0131na fikir vermirs\u0259n? Cavab verirdi ki, ana m\u0259n\u0259 he\u00e7 n\u0259 olmaz, Allah m\u0259ni \u00e7ox ist\u0259yir. B\u0259lk\u0259 d\u0259 Allah onu \u00e7ox ist\u0259diyin\u0259 g\u00f6r\u0259  apard\u0131\u201d. <\/strong><\/p>\n<p><a href=\"https:\/\/Millinews.az\" target=\"_blank\" class=\"kw-link\" rel=\"noopener\">Millinews.az<\/a> bizim.media-ya istinad\u0259n x\u0259b\u0259r verir ki, bu s\u00f6zl\u0259ri m\u0259rhum b\u0259st\u0259kar \u2013 m\u00fc\u011f\u0259nni R\u0259him R\u0259himlinin anas\u0131 Fir\u0259ngiz xan\u0131m \u201cO \u00fcz\u201d verili\u015fin\u0259 m\u00fcsahib\u0259sind\u0259 deyib. <\/p>\n<p>O\u011flunun yoxlu\u011fu il\u0259 h\u0259l\u0259 d\u0259 bar\u0131\u015fa bilm\u0259y\u0259n s\u0259n\u0259t\u00e7inin valideyni bildirib ki, R\u0259him 50 ya\u015f\u0131ndan \u00e7ox ya\u015famayaca\u011f\u0131n\u0131 s\u00f6yl\u0259yib:  <\/p>\n<p>\u201cO\u011flum R\u0259himin d\u00fcnyas\u0131n\u0131 d\u0259yi\u015fm\u0259si \u00f6mr\u00fcm\u00fc azaltd\u0131. M\u0259n indi ya\u015fam\u0131ram ki&#8230; B\u00fct\u00fcn g\u00fcn\u00fc evd\u0259 R\u0259himl\u0259 dan\u0131\u015f\u0131ram. R\u0259him x\u0259st\u0259liyini he\u00e7 kim\u0259 bildirmirdi. O el\u0259 g\u00fcl\u00fcb, dan\u0131\u015f\u0131rd\u0131 ki, onun x\u0259st\u0259 oldu\u011funa inanm\u0131rd\u0131q. Bu insan bel\u0259 idi. R\u0259him s\u0259brsiz insan idi. \u00dc\u00e7 g\u00fcnd\u0259n art\u0131q x\u0259st\u0259xanada qala bilmirdi. Orada qalma\u011fa d\u00f6z\u0259, \u00f6z\u00fcn\u0259 is\u0259 yer tapa bilmirdi. R\u0259him vaxtl\u0131-vaxt\u0131nda h\u0259kimin ona yazd\u0131\u011f\u0131 d\u0259rmanlar\u0131 q\u0259bul etmirdi. Bir g\u00fcn preparatlar\u0131 q\u0259bul edirdi, iki g\u00fcn is\u0259 q\u0259bul etmirdi. Son g\u00fcnl\u0259r is\u0259 v\u0259ziyy\u0259ti normal idi. R\u0259him \u00f6z\u00fc \u00fc\u00e7\u00fcn s\u0259s yazma v\u0259 mahn\u0131lar\u0131 aranjiman etm\u0259k \u00fc\u00e7\u00fcn studiya a\u00e7m\u0131\u015fd\u0131. Oran\u0131 t\u0259mir etdirirdi ki, mahn\u0131lar\u0131n\u0131 orada aranjiman etdirsin. Faiq A\u011fayev d\u0259 ora g\u0259lmi\u015fdi. R\u0259him deyirdi ki, 50 ya\u015f\u0131ndan \u00e7ox ya\u015famayaca\u011fam.<\/p>\n<p><q>O\u011flum he\u00e7 50 ya\u015f\u0131na da \u00e7atmad\u0131 (a\u011flay\u0131r). Q\u0259fil v\u0259ziyy\u0259ti a\u011f\u0131rla\u015fd\u0131. T\u0259cili tibbi yard\u0131m \u00e7a\u011f\u0131rd\u0131q. N\u0259f\u0259si \u00e7atm\u0131rd\u0131. Ona oksigen verdil\u0259r. Amma bu da ona k\u00f6m\u0259k olmad\u0131. \u00dcr\u0259yi d\u00f6zm\u0259di v\u0259 r\u0259hm\u0259t\u0259 getdi. T\u0259ngn\u0259f\u0259s idi. He\u00e7 n\u0259 dey\u0259 bilm\u0259di. \u0130nanm\u0131ram ki, o\u011flum R\u0259him yoxdur. El\u0259 bilir\u0259m ki, o sa\u011fd\u0131r. Onun yoxlu\u011funa \u00f6yr\u0259\u015f\u0259 bilmir\u0259m\u201d. <\/q><br \/>Qeyd ed\u0259k ki, R\u0259him R\u0259himli \u00f6t\u0259n il sentyabr\u0131n 30-da d\u00fcnyas\u0131n\u0131 d\u0259yi\u015fib. Onun \u00f6l\u00fcm\u00fcn\u0259 s\u0259b\u0259b \u00fcr\u0259k \u00e7at\u0131\u015fmazl\u0131\u011f\u0131 olub. \u0130fa\u00e7\u0131 eyni zamanda qaraciy\u0259r sirrozundan \u0259ziyy\u0259t \u00e7\u0259kirmi\u015f.  <br \/>&#13;\n<\/p>\n<p><iframe loading=\"lazy\" allow=\"autoplay; encrypted-media\" allowfullscreen=\"\" frameborder=\"0\" height=\"360\" seamless=\"\" src=\"https:\/\/player.bizim.media\/?v=23154\" width=\"640\" style=\"margin: 0px; padding: 0px; border-width: 0px; border-style: initial; font: inherit; vertical-align: baseline; max-width: 100%; display: block;\"><\/iframe>&#13;<br \/>\n        &#13;<br \/>\n&#13;<br \/>\n        &#13;<br \/>\n&#13;\n        <\/p>\n<p><noscript><\/p>\n<p>You must enable Javascript on your browser for the site to work optimally and display sections completely.<\/p>\n<p><\/noscript>\t\t&#13;<br \/>\n\t\t&#13;\n    <\/div>\n<p><script type=\"text\/javascript\">jQuery(document).ready(function () {\n(function(d, s, id) {\n    var js, fjs = d.getElementsByTagName(s)[0];\n    if (d.getElementById(id))\n        return;\n    js = d.createElement(s);\n    js.id = id;\n    js.src = \"\/\/connect.facebook.net\/az_AZ\/all.js#xfbml=1&appId=1002485763137712\";\n    fjs.parentNode.insertBefore(js, fjs);\n}(document, 'script', 'facebook-jssdk'));                \n});<\/script><\/p>\n","protected":false},"excerpt":{"rendered":"<p>&#13; &#13; \u201cO\u011flum R\u0259him R\u0259himli \u00e7ox yax\u015f\u0131 qarda\u015f v\u0259 o\u011ful idi. O ham\u0131ya qar\u015f\u0131 yax\u015f\u0131 idi. Onun yum\u015faq \u00fcr\u0259yi vard\u0131. Ona sual verirdim ki, niy\u0259 \u00f6z\u00fcn\u0259 baxm\u0131rsan, sa\u011flaml\u0131\u011f\u0131na fikir vermirs\u0259n? Cavab verirdi ki, ana m\u0259n\u0259 he\u00e7 n\u0259 olmaz, Allah m\u0259ni \u00e7ox ist\u0259yir. B\u0259lk\u0259 d\u0259 Allah onu \u00e7ox ist\u0259diyin\u0259 g\u00f6r\u0259 apard\u0131\u201d. Millinews.az bizim.media-ya istinad\u0259n x\u0259b\u0259r verir &hellip;<\/p>\n","protected":false},"author":1,"featured_media":4267,"comment_status":"open","ping_status":"closed","sticky":false,"template":"","format":"standard","meta":{"footnotes":""},"categories":[9],"tags":[],"class_list":["post-4266","post","type-post","status-publish","format-standard","has-post-thumbnail","hentry","category-xeber"],"_links":{"self":[{"href":"https:\/\/millitv.net\/index.php?rest_route=\/wp\/v2\/posts\/4266","targetHints":{"allow":["GET"]}}],"collection":[{"href":"https:\/\/millitv.net\/index.php?rest_route=\/wp\/v2\/posts"}],"about":[{"href":"https:\/\/millitv.net\/index.php?rest_route=\/wp\/v2\/types\/post"}],"author":[{"embeddable":true,"href":"https:\/\/millitv.net\/index.php?rest_route=\/wp\/v2\/users\/1"}],"replies":[{"embeddable":true,"href":"https:\/\/millitv.net\/index.php?rest_route=%2Fwp%2Fv2%2Fcomments&post=4266"}],"version-history":[{"count":0,"href":"https:\/\/millitv.net\/index.php?rest_route=\/wp\/v2\/posts\/4266\/revisions"}],"wp:featuredmedia":[{"embeddable":true,"href":"https:\/\/millitv.net\/index.php?rest_route=\/wp\/v2\/media\/4267"}],"wp:attachment":[{"href":"https:\/\/millitv.net\/index.php?rest_route=%2Fwp%2Fv2%2Fmedia&parent=4266"}],"wp:term":[{"taxonomy":"category","embeddable":true,"href":"https:\/\/millitv.net\/index.php?rest_route=%2Fwp%2Fv2%2Fcategories&post=4266"},{"taxonomy":"post_tag","embeddable":true,"href":"https:\/\/millitv.net\/index.php?rest_route=%2Fwp%2Fv2%2Ftags&post=4266"}],"curies":[{"name":"wp","href":"https:\/\/api.w.org\/{rel}","templated":true}]}}