{"id":4262,"date":"2023-10-23T15:18:21","date_gmt":"2023-10-23T15:18:21","guid":{"rendered":"https:\/\/millinews.az\/xeber\/ceyhun-bayramov-iran-prezidenti-il%C9%99-gorusdu\/"},"modified":"2023-10-23T15:18:21","modified_gmt":"2023-10-23T15:18:21","slug":"ceyhun-bayramov-iran-prezidenti-il%C9%99-gorusdu","status":"publish","type":"post","link":"https:\/\/millitv.net\/?p=4262","title":{"rendered":"Ceyhun Bayramov \u0130ran Prezidenti il\u0259 g\u00f6r\u00fc\u015fd\u00fc"},"content":{"rendered":"<div id=\"maincontent\">&#13;<br \/>\n        &#13;<\/p>\n<p><strong>\u0130ran Prezidenti \u0130brahim R\u0259isi Az\u0259rbaycan\u0131n xarici i\u015fl\u0259r naziri Ceyhun Bayramovu q\u0259bul edib.<\/strong><\/p>\n<p>Bu bar\u0259d\u0259 \u0130ran Prezidentinin M\u0259tbuat Xidm\u0259ti m\u0259lumat yay\u0131b. &#13;\n<\/p>\n<p>Qeyd ed\u0259k ki, \u0130ran\u0131n paytaxt\u0131 Tehranda \u201c3+3\u201d format\u0131nda (Az\u0259rbaycan, Erm\u0259nistan, G\u00fcrc\u00fcstan, \u0130ran, Rusiya, T\u00fcrkiy\u0259) xarici i\u015fl\u0259r nazirl\u0259rinin g\u00f6r\u00fc\u015f\u00fc ke\u00e7irilir. Toplant\u0131da Az\u0259rbaycan\u0131 xarici i\u015fl\u0259r naziri Ceyhun Bayramov t\u0259msil edir.&#13;<br \/>\n        &#13;<br \/>\n&#13;<br \/>\n        &#13;<br \/>\n&#13;\n        <\/p>\n<p><noscript><\/p>\n<p>You must enable Javascript on your browser for the site to work optimally and display sections completely.<\/p>\n<p><\/noscript>\t\t&#13;<br \/>\n\t\t&#13;\n    <\/div>\n<p><script type=\"text\/javascript\">jQuery(document).ready(function () {\n(function(d, s, id) {\n    var js, fjs = d.getElementsByTagName(s)[0];\n    if (d.getElementById(id))\n        return;\n    js = d.createElement(s);\n    js.id = id;\n    js.src = \"\/\/connect.facebook.net\/az_AZ\/all.js#xfbml=1&appId=1002485763137712\";\n    fjs.parentNode.insertBefore(js, fjs);\n}(document, 'script', 'facebook-jssdk'));                \n});<\/script><\/p>\n","protected":false},"excerpt":{"rendered":"<p>&#13; &#13; \u0130ran Prezidenti \u0130brahim R\u0259isi Az\u0259rbaycan\u0131n xarici i\u015fl\u0259r naziri Ceyhun Bayramovu q\u0259bul edib. Bu bar\u0259d\u0259 \u0130ran Prezidentinin M\u0259tbuat Xidm\u0259ti m\u0259lumat yay\u0131b. &#13; Qeyd ed\u0259k ki, \u0130ran\u0131n paytaxt\u0131 Tehranda \u201c3+3\u201d format\u0131nda (Az\u0259rbaycan, Erm\u0259nistan, G\u00fcrc\u00fcstan, \u0130ran, Rusiya, T\u00fcrkiy\u0259) xarici i\u015fl\u0259r nazirl\u0259rinin g\u00f6r\u00fc\u015f\u00fc ke\u00e7irilir. Toplant\u0131da Az\u0259rbaycan\u0131 xarici i\u015fl\u0259r naziri Ceyhun Bayramov t\u0259msil edir.&#13; &#13; &#13; &#13; &#13; &hellip;<\/p>\n","protected":false},"author":1,"featured_media":4263,"comment_status":"open","ping_status":"closed","sticky":false,"template":"","format":"standard","meta":{"footnotes":""},"categories":[9],"tags":[],"class_list":["post-4262","post","type-post","status-publish","format-standard","has-post-thumbnail","hentry","category-xeber"],"_links":{"self":[{"href":"https:\/\/millitv.net\/index.php?rest_route=\/wp\/v2\/posts\/4262","targetHints":{"allow":["GET"]}}],"collection":[{"href":"https:\/\/millitv.net\/index.php?rest_route=\/wp\/v2\/posts"}],"about":[{"href":"https:\/\/millitv.net\/index.php?rest_route=\/wp\/v2\/types\/post"}],"author":[{"embeddable":true,"href":"https:\/\/millitv.net\/index.php?rest_route=\/wp\/v2\/users\/1"}],"replies":[{"embeddable":true,"href":"https:\/\/millitv.net\/index.php?rest_route=%2Fwp%2Fv2%2Fcomments&post=4262"}],"version-history":[{"count":0,"href":"https:\/\/millitv.net\/index.php?rest_route=\/wp\/v2\/posts\/4262\/revisions"}],"wp:featuredmedia":[{"embeddable":true,"href":"https:\/\/millitv.net\/index.php?rest_route=\/wp\/v2\/media\/4263"}],"wp:attachment":[{"href":"https:\/\/millitv.net\/index.php?rest_route=%2Fwp%2Fv2%2Fmedia&parent=4262"}],"wp:term":[{"taxonomy":"category","embeddable":true,"href":"https:\/\/millitv.net\/index.php?rest_route=%2Fwp%2Fv2%2Fcategories&post=4262"},{"taxonomy":"post_tag","embeddable":true,"href":"https:\/\/millitv.net\/index.php?rest_route=%2Fwp%2Fv2%2Ftags&post=4262"}],"curies":[{"name":"wp","href":"https:\/\/api.w.org\/{rel}","templated":true}]}}