{"id":4243,"date":"2023-10-23T13:32:12","date_gmt":"2023-10-23T13:32:12","guid":{"rendered":"https:\/\/millinews.az\/xeber\/argentinada-prezident-seckil%C9%99ri-ikinci-tura-qaldi\/"},"modified":"2023-10-23T13:32:12","modified_gmt":"2023-10-23T13:32:12","slug":"argentinada-prezident-seckil%C9%99ri-ikinci-tura-qaldi","status":"publish","type":"post","link":"https:\/\/millitv.net\/?p=4243","title":{"rendered":"Argentinada prezident se\u00e7kil\u0259ri ikinci tura qald\u0131"},"content":{"rendered":"<p><img decoding=\"async\" src=\"https:\/\/Millinews.az\/storage\/2023\/10\/23\/ezgif-2-94bd62e236.jpg\" alt=\"\" title=\"\"><\/p>\n<div id=\"mvp-content-main\">\n<p><strong>Argentinada ke\u00e7iril\u0259n \u00fcmumi se\u00e7kil\u0259rd\u0259 he\u00e7 bir namiz\u0259d kifay\u0259t q\u0259d\u0259r s\u0259s toplamad\u0131\u011f\u0131ndan, prezident ikinci turda m\u00fc\u0259yy\u0259n olacaq. <\/strong><\/p>\n<p><strong><a target=\"_blank\" href=\"https:\/\/Millinews.az\" rel=\"noopener\">Millinews.az<\/a><\/strong> x\u0259b\u0259r verir ki, haz\u0131rk\u0131 \u0130qtisadiyyat naziri Sergio Massa se\u00e7kil\u0259rin birinci turunda qalib g\u0259ls\u0259 d\u0259, he\u00e7 bir namiz\u0259d laz\u0131mi s\u0259s say\u0131na \u00e7ata bilm\u0259yib. Qutular\u0131n 90 faizind\u0259n \u00e7oxunun a\u00e7\u0131ld\u0131\u011f\u0131 se\u00e7kil\u0259rin ilk n\u0259tic\u0259l\u0259rin\u0259 g\u00f6r\u0259, haz\u0131rk\u0131 \u0130qtisadiyyat Naziri, \u201cV\u0259t\u0259n Namin\u0259 Birlik\u201d (Union por la Patria) v\u0259 eyni zamanda hakim \u201cPeronist\u201d ittifaq\u0131n namiz\u0259di Sergio Massa birinci turda 36,26 faiz s\u0259sl\u0259 ir\u0259lid\u0259 olub. Avqustun 13-d\u0259 \u00f6lk\u0259d\u0259 ke\u00e7iril\u0259n ilkin se\u00e7kil\u0259rd\u0259 \u0259n y\u00fcks\u0259k s\u0259si toplayan &#8220;Azadl\u0131q \u0130nki\u015faf\u0131&#8221; (La Libertad Avanza) partiyas\u0131n\u0131n namiz\u0259di v\u0259 ifrat sa\u011f\u00e7\u0131 Xavier Mayli is\u0259 30,20 faizl\u0259 ikinci yerd\u0259 q\u0259rarla\u015f\u0131b.<\/p>\n<p>Ana m\u00fcxalif\u0259t alyans\u0131n\u0131n namiz\u0259di, &#8220;D\u0259yi\u015fiklik Namin\u0259 Birlikd\u0259&#8221; Koalisiyas\u0131n\u0131n lideri Patrisiya Bullri\u00e7 23,81 faiz s\u0259sl\u0259 3-c\u00fc yerd\u0259 q\u0259rarla\u015f\u0131b.<\/p>\n<p>S\u0131ralaman\u0131 7,04 faizl\u0259 \u201c\u00d6lk\u0259miz \u00fc\u00e7\u00fcn ed\u0259k\u201d Partiyas\u0131n\u0131n namiz\u0259di Kordoba \u0259yal\u0259tinin qubernatoru Xuan \u015eiaret, 2,66 faizl\u0259 is\u0259 Sol v\u0259 \u0130\u015f\u00e7i C\u0259bh\u0259sinin namiz\u0259di f\u0259al\u0131 Miriam Breqman izl\u0259yib.<\/p>\n<p>Bel\u0259likl\u0259, prezident noyabr\u0131n 19-da ke\u00e7iril\u0259c\u0259k ikinci turda m\u00fc\u0259yy\u0259nl\u0259\u015f\u0259c\u0259k.<\/p>\n<p>N\u0259zrin<\/p>\n<\/p><\/div>\n<p><script>\n        (function (d, s, id) {\n            var js, fjs = d.getElementsByTagName(s)[0];\n            if (d.getElementById(id)) return;\n            js = d.createElement(s);\n            js.id = id;\n            js.src = \"\/\/connect.facebook.net\/az_AZ\/sdk.js#xfbml=1&version=v2.7&appId=\";\n            fjs.parentNode.insertBefore(js, fjs);\n        }(document, 'script', 'facebook-jssdk'));\n    <\/script><\/p>\n","protected":false},"excerpt":{"rendered":"<p>Argentinada ke\u00e7iril\u0259n \u00fcmumi se\u00e7kil\u0259rd\u0259 he\u00e7 bir namiz\u0259d kifay\u0259t q\u0259d\u0259r s\u0259s toplamad\u0131\u011f\u0131ndan, prezident ikinci turda m\u00fc\u0259yy\u0259n olacaq. Millinews.az x\u0259b\u0259r verir ki, haz\u0131rk\u0131 \u0130qtisadiyyat naziri Sergio Massa se\u00e7kil\u0259rin birinci turunda qalib g\u0259ls\u0259 d\u0259, he\u00e7 bir namiz\u0259d laz\u0131mi s\u0259s say\u0131na \u00e7ata bilm\u0259yib. Qutular\u0131n 90 faizind\u0259n \u00e7oxunun a\u00e7\u0131ld\u0131\u011f\u0131 se\u00e7kil\u0259rin ilk n\u0259tic\u0259l\u0259rin\u0259 g\u00f6r\u0259, haz\u0131rk\u0131 \u0130qtisadiyyat Naziri, \u201cV\u0259t\u0259n Namin\u0259 Birlik\u201d (Union &hellip;<\/p>\n","protected":false},"author":1,"featured_media":4244,"comment_status":"open","ping_status":"closed","sticky":false,"template":"","format":"standard","meta":{"footnotes":""},"categories":[9],"tags":[],"class_list":["post-4243","post","type-post","status-publish","format-standard","has-post-thumbnail","hentry","category-xeber"],"_links":{"self":[{"href":"https:\/\/millitv.net\/index.php?rest_route=\/wp\/v2\/posts\/4243","targetHints":{"allow":["GET"]}}],"collection":[{"href":"https:\/\/millitv.net\/index.php?rest_route=\/wp\/v2\/posts"}],"about":[{"href":"https:\/\/millitv.net\/index.php?rest_route=\/wp\/v2\/types\/post"}],"author":[{"embeddable":true,"href":"https:\/\/millitv.net\/index.php?rest_route=\/wp\/v2\/users\/1"}],"replies":[{"embeddable":true,"href":"https:\/\/millitv.net\/index.php?rest_route=%2Fwp%2Fv2%2Fcomments&post=4243"}],"version-history":[{"count":0,"href":"https:\/\/millitv.net\/index.php?rest_route=\/wp\/v2\/posts\/4243\/revisions"}],"wp:featuredmedia":[{"embeddable":true,"href":"https:\/\/millitv.net\/index.php?rest_route=\/wp\/v2\/media\/4244"}],"wp:attachment":[{"href":"https:\/\/millitv.net\/index.php?rest_route=%2Fwp%2Fv2%2Fmedia&parent=4243"}],"wp:term":[{"taxonomy":"category","embeddable":true,"href":"https:\/\/millitv.net\/index.php?rest_route=%2Fwp%2Fv2%2Fcategories&post=4243"},{"taxonomy":"post_tag","embeddable":true,"href":"https:\/\/millitv.net\/index.php?rest_route=%2Fwp%2Fv2%2Ftags&post=4243"}],"curies":[{"name":"wp","href":"https:\/\/api.w.org\/{rel}","templated":true}]}}