{"id":4239,"date":"2023-10-23T12:44:41","date_gmt":"2023-10-23T12:44:41","guid":{"rendered":"https:\/\/millinews.az\/xeber\/efsan%C9%99vi-adlar-meydana-qayidir-birc%C9%99-berti-foqts-catmir\/"},"modified":"2023-10-23T12:44:41","modified_gmt":"2023-10-23T12:44:41","slug":"efsan%C9%99vi-adlar-meydana-qayidir-birc%C9%99-berti-foqts-catmir","status":"publish","type":"post","link":"https:\/\/millitv.net\/?p=4239","title":{"rendered":"\u018ffsan\u0259vi adlar meydana qay\u0131d\u0131r: Birc\u0259 Berti Foqts \u00e7atm\u0131r"},"content":{"rendered":"<div id=\"mvp-content-main\">\n<p><strong>\u018ffran \u0130smay\u0131lov, Rauf \u018fliyev, Kamran A\u011fayev, Vaqif Cavadov \u2013 bu adlar\u0131 oxuduqda, y\u0259qin ki, milli komandan\u0131n 2010-cu ill\u0259rd\u0259ki hey\u0259ti yad\u0131n\u0131za d\u00fc\u015f\u00fcr. H\u0259min hey\u0259td\u0259 yer alan futbol\u00e7ular\u0131n dem\u0259k olar ham\u0131s\u0131 pe\u015f\u0259kar karyeralar\u0131n\u0131 ba\u015fa vurublar. \u00c7oxu m\u0259\u015fq\u00e7i kimi f\u0259aliyy\u0259t\u0259 ba\u015flay\u0131b.<\/strong><\/p>\n<p>Ancaq onlar\u0131 yenid\u0259n ya\u015f\u0131l meydanda g\u00f6r\u0259 bil\u0259rik. Nec\u0259? Minifutbol \u00fczr\u0259 \u00f6lk\u0259 \u00e7empionat\u0131nda. G\u0259nc ya\u015flar\u0131nda b\u00f6y\u00fck meydanda top qovan oyun\u00e7ular yenid\u0259n azarke\u015fl\u0259rin \u00f6n\u00fcnd\u0259 yar\u0131\u015facaqlar. Milli komandan\u0131n Avropa \u00e7empionu olmas\u0131ndan sonra bu idman n\u00f6v\u00fcn\u0259 b\u00f6y\u00fck maraq yaran\u0131b. H\u0259tta sabiq futbol\u00e7ular da minifutbolla m\u0259\u015f\u011ful olma\u011fa ba\u015flay\u0131blar.<\/p>\n<p>Onlar\u0131n s\u0131ras\u0131na adlar\u0131n\u0131 yuxar\u0131da qeyd etdiyimiz h\u0259mkarlar\u0131 da qo\u015fulacaqlar. Siyah\u0131da h\u0259m\u00e7inin Cavid H\u00fcseynov, Rahid \u018fmirquliyev, Ruslan Ab\u0131\u015fov, Elvin M\u0259mm\u0259dov, Rail M\u0259likov, R\u0259\u015fad Sadiqov, \u0130lqar Qurbanov v\u0259 Mahir \u015e\u00fck\u00fcrov kimi adlar da var. Yekun say v\u0259 adlar d\u0259qiq olmasa da, bu komandan\u0131n minifutbol \u00fczr\u0259 \u00f6lk\u0259 \u00e7empionat\u0131nda i\u015ftirak e\u00fctm\u0259k ist\u0259m\u0259si d\u0259qiqdir. Bu bar\u0259d\u0259 komandan\u0131n yar\u0131d\u0131c\u0131s\u0131 v\u0259 \u0259sas \u00fczvl\u0259rind\u0259n biri olan \u018ffran \u0130smay\u0131lov <strong><a target=\"_blank\" href=\"https:\/\/Millinews.az\" rel=\"noopener\">Millinews.az<\/a>-a<\/strong> m\u0259lumat verib.<\/p>\n<p><img loading=\"lazy\" decoding=\"async\" alt=\"\" height=\"544\" src=\"https:\/\/Millinews.az\/storage\/2023\/10\/23\/1490900709.jpg\" width=\"740\" title=\"\"><\/p>\n<p>Onun s\u00f6zl\u0259rin\u0259 g\u00f6r\u0259, futbol\u00e7ular\u0131n i\u015fl\u0259ri v\u0259 durumlar\u0131yla \u0259laq\u0259dar olaraq hey\u0259td\u0259 bir ne\u00e7\u0259 d\u0259yi\u015fiklik ba\u015f ver\u0259 bil\u0259r. Eyni zamanda, daha 2-3 oyun\u00e7unun da onlara qo\u015fulma ehtimal\u0131 var:<\/p>\n<p>\u201cMaraql\u0131 ideyad\u0131r. Biz d\u0259 ciddi \u015f\u0259kild\u0259 haz\u0131rla\u015f\u0131r\u0131q. Az\u0259rbaycan Minifutbol Federasiyas\u0131n\u0131n r\u0259hb\u0259rliyi &#8211; prezident Orxan M\u0259mm\u0259dov, vitse-prezident Taleh N\u0259sibov \u00e7ox d\u0259st\u0259k oldular v\u0259 bildirdil\u0259r ki, sizin \u00e7empionatda i\u015ftirak\u0131n\u0131z\u0131 ist\u0259yirik. M\u0259n d\u0259 milli komandan\u0131n \u00fczvl\u0259riyl\u0259 \u0259laq\u0259 saxlad\u0131m. Sa\u011f olsunlar, ham\u0131s\u0131 t\u0259klifiml\u0259 raz\u0131la\u015fd\u0131lar. 12-13 n\u0259f\u0259rlik hey\u0259timiz var. D\u0259yi\u015fiklik v\u0259 ya \u0259lav\u0259l\u0259r ola bil\u0259r. \u00c7al\u0131\u015faca\u011f\u0131q ki, y\u00fcks\u0259k yerl\u0259r u\u011frunda oynayaq.<\/p>\n<p>M\u0259nim minifutbola mara\u011f\u0131m b\u00f6y\u00fck idi. H\u0259tta b\u00f6y\u00fck futbol oynayanda bel\u0259 minifutbol \u00e7ox oynam\u0131\u015fam. Bel\u0259 \u015fans yarand\u0131 v\u0259 komanda yaratd\u0131m. \u018flimizd\u0259n g\u0259l\u0259ni ed\u0259c\u0259yik. Bilirsiniz ki, hey\u0259td\u0259ki futbol\u00e7ular\u0131n ham\u0131s\u0131 \u00f6zl\u0259rin\u0259 g\u00f6r\u0259 iz burax\u0131blar. Ham\u0131 deyir ki, bir d\u0259n\u0259 Berti Foqts \u00e7at\u0131\u015fm\u0131r. Futbol\u00e7ular formaya d\u00fc\u015fd\u00fckc\u0259, daha yax\u015f\u0131 \u00e7\u0131x\u0131\u015f ed\u0259c\u0259yik\u201d.<\/p>\n<p><img loading=\"lazy\" decoding=\"async\" alt=\"\" height=\"493\" src=\"https:\/\/Millinews.az\/storage\/2023\/10\/23\/azerbaijan_nationall_football_team_2.jpg\" width=\"740\" title=\"\"><\/p>\n<p>\u0130smay\u0131lov komandan\u0131n ad\u0131yla ba\u011fl\u0131 bir ne\u00e7\u0259 versiyan\u0131n oldu\u011funu, amma yekun q\u0259rar verm\u0259dikl\u0259rini bildirib:<\/p>\n<p>\u201c3-4 variant var. \u201cQaraba\u011f\u201d, \u201cZ\u0259f\u0259r\u201d, \u201cXank\u0259ndi\u201d, \u201cXocal\u0131\u201d, \u201c44 g\u00fcn\u201d v\u0259 ba\u015fqa variantlar var. \u201cQaraba\u011f\u201d klubunun r\u0259hb\u0259rliyi il\u0259 dan\u0131\u015f\u0131qlar gedir, al\u0131nsa, o adla i\u015ftirak ed\u0259c\u0259yik. Olmasa, dig\u0259r variantlar\u0131 n\u0259z\u0259rd\u0259n ke\u00e7ir\u0259c\u0259yik\u201d.<\/p>\n<p><strong>Heyb\u0259t M\u0259mm\u0259dov<\/strong><\/p>\n<\/p><\/div>\n<p><script>\n        (function (d, s, id) {\n            var js, fjs = d.getElementsByTagName(s)[0];\n            if (d.getElementById(id)) return;\n            js = d.createElement(s);\n            js.id = id;\n            js.src = \"\/\/connect.facebook.net\/az_AZ\/sdk.js#xfbml=1&version=v2.7&appId=\";\n            fjs.parentNode.insertBefore(js, fjs);\n        }(document, 'script', 'facebook-jssdk'));\n    <\/script><\/p>\n","protected":false},"excerpt":{"rendered":"<p>\u018ffran \u0130smay\u0131lov, Rauf \u018fliyev, Kamran A\u011fayev, Vaqif Cavadov \u2013 bu adlar\u0131 oxuduqda, y\u0259qin ki, milli komandan\u0131n 2010-cu ill\u0259rd\u0259ki hey\u0259ti yad\u0131n\u0131za d\u00fc\u015f\u00fcr. H\u0259min hey\u0259td\u0259 yer alan futbol\u00e7ular\u0131n dem\u0259k olar ham\u0131s\u0131 pe\u015f\u0259kar karyeralar\u0131n\u0131 ba\u015fa vurublar. \u00c7oxu m\u0259\u015fq\u00e7i kimi f\u0259aliyy\u0259t\u0259 ba\u015flay\u0131b. Ancaq onlar\u0131 yenid\u0259n ya\u015f\u0131l meydanda g\u00f6r\u0259 bil\u0259rik. Nec\u0259? Minifutbol \u00fczr\u0259 \u00f6lk\u0259 \u00e7empionat\u0131nda. G\u0259nc ya\u015flar\u0131nda b\u00f6y\u00fck meydanda top &hellip;<\/p>\n","protected":false},"author":1,"featured_media":4240,"comment_status":"open","ping_status":"closed","sticky":false,"template":"","format":"standard","meta":{"footnotes":""},"categories":[9],"tags":[],"class_list":["post-4239","post","type-post","status-publish","format-standard","has-post-thumbnail","hentry","category-xeber"],"_links":{"self":[{"href":"https:\/\/millitv.net\/index.php?rest_route=\/wp\/v2\/posts\/4239","targetHints":{"allow":["GET"]}}],"collection":[{"href":"https:\/\/millitv.net\/index.php?rest_route=\/wp\/v2\/posts"}],"about":[{"href":"https:\/\/millitv.net\/index.php?rest_route=\/wp\/v2\/types\/post"}],"author":[{"embeddable":true,"href":"https:\/\/millitv.net\/index.php?rest_route=\/wp\/v2\/users\/1"}],"replies":[{"embeddable":true,"href":"https:\/\/millitv.net\/index.php?rest_route=%2Fwp%2Fv2%2Fcomments&post=4239"}],"version-history":[{"count":0,"href":"https:\/\/millitv.net\/index.php?rest_route=\/wp\/v2\/posts\/4239\/revisions"}],"wp:featuredmedia":[{"embeddable":true,"href":"https:\/\/millitv.net\/index.php?rest_route=\/wp\/v2\/media\/4240"}],"wp:attachment":[{"href":"https:\/\/millitv.net\/index.php?rest_route=%2Fwp%2Fv2%2Fmedia&parent=4239"}],"wp:term":[{"taxonomy":"category","embeddable":true,"href":"https:\/\/millitv.net\/index.php?rest_route=%2Fwp%2Fv2%2Fcategories&post=4239"},{"taxonomy":"post_tag","embeddable":true,"href":"https:\/\/millitv.net\/index.php?rest_route=%2Fwp%2Fv2%2Ftags&post=4239"}],"curies":[{"name":"wp","href":"https:\/\/api.w.org\/{rel}","templated":true}]}}