{"id":4215,"date":"2023-10-23T10:34:34","date_gmt":"2023-10-23T10:34:34","guid":{"rendered":"https:\/\/millinews.az\/xeber\/israil-quru-%C9%99m%C9%99liyyatina-basladi\/"},"modified":"2023-10-23T10:34:34","modified_gmt":"2023-10-23T10:34:34","slug":"israil-quru-%C9%99m%C9%99liyyatina-basladi","status":"publish","type":"post","link":"https:\/\/millitv.net\/?p=4215","title":{"rendered":"\u0130srail quru \u0259m\u0259liyyat\u0131na ba\u015flad\u0131"},"content":{"rendered":"<p><img decoding=\"async\" src=\"https:\/\/Millinews.az\/storage\/2023\/10\/23\/israil--.jpg\" alt=\"\" title=\"\"><\/p>\n<div id=\"mvp-content-main\">\n<p><strong>\u0130srail M\u00fcdafi\u0259 Q\u00fcvv\u0259l\u0259ri Q\u0259zza zola\u011f\u0131nda quru \u0259m\u0259liyyatlar\u0131na ba\u015flay\u0131b. <\/strong><\/p>\n<p><strong><a target=\"_blank\" href=\"https:\/\/Millinews.az\" rel=\"noopener\">Millinews.az<\/a><\/strong> x\u0259b\u0259r verir ki, bu bar\u0259d\u0259 yerli 13tv n\u0259\u015fri \u0130DF-nin s\u00f6z\u00e7\u00fcs\u00fc general Daniel Haqara istinad\u0259n m\u0259lumat yay\u0131b.<\/p>\n<p>\u201cGec\u0259 saatlar\u0131nda n\u00f6vb\u0259ti m\u0259rh\u0259l\u0259y\u0259 haz\u0131rla\u015fan terror\u00e7u d\u0259st\u0259l\u0259rin m\u0259hv edilm\u0259si m\u0259qs\u0259dil\u0259 zirehli v\u0259 piyada birl\u0259\u015fm\u0259l\u0259rinin reydl\u0259ri h\u0259yata ke\u00e7irilib&#8230;\u201d, o qeyd edib.<\/p>\n<p>General reydl\u0259rin x\u00fcsusi olaraq Q\u0259zzada edildiyini bildirib.<\/p>\n<p>Bundan \u0259vv\u0259l media A\u011f Ev r\u0259hb\u0259ri Co Baydenin y\u0259hudi d\u00f6vl\u0259tinin n\u00fcmay\u0259nd\u0259l\u0259rini Q\u0259zza zola\u011f\u0131nda quru \u0259m\u0259liyyat\u0131 planlar\u0131n\u0131 \u201cba\u015fqa bir \u015fey\u0259\u201d d\u0259yi\u015fm\u0259y\u0259 inand\u0131rd\u0131\u011f\u0131n\u0131 yazm\u0131\u015fd\u0131.<\/p>\n<p>Tural<\/p>\n<\/p><\/div>\n<p><script>\n        (function (d, s, id) {\n            var js, fjs = d.getElementsByTagName(s)[0];\n            if (d.getElementById(id)) return;\n            js = d.createElement(s);\n            js.id = id;\n            js.src = \"\/\/connect.facebook.net\/az_AZ\/sdk.js#xfbml=1&version=v2.7&appId=\";\n            fjs.parentNode.insertBefore(js, fjs);\n        }(document, 'script', 'facebook-jssdk'));\n    <\/script><\/p>\n","protected":false},"excerpt":{"rendered":"<p>\u0130srail M\u00fcdafi\u0259 Q\u00fcvv\u0259l\u0259ri Q\u0259zza zola\u011f\u0131nda quru \u0259m\u0259liyyatlar\u0131na ba\u015flay\u0131b. Millinews.az x\u0259b\u0259r verir ki, bu bar\u0259d\u0259 yerli 13tv n\u0259\u015fri \u0130DF-nin s\u00f6z\u00e7\u00fcs\u00fc general Daniel Haqara istinad\u0259n m\u0259lumat yay\u0131b. \u201cGec\u0259 saatlar\u0131nda n\u00f6vb\u0259ti m\u0259rh\u0259l\u0259y\u0259 haz\u0131rla\u015fan terror\u00e7u d\u0259st\u0259l\u0259rin m\u0259hv edilm\u0259si m\u0259qs\u0259dil\u0259 zirehli v\u0259 piyada birl\u0259\u015fm\u0259l\u0259rinin reydl\u0259ri h\u0259yata ke\u00e7irilib&#8230;\u201d, o qeyd edib. General reydl\u0259rin x\u00fcsusi olaraq Q\u0259zzada edildiyini bildirib. Bundan \u0259vv\u0259l media &hellip;<\/p>\n","protected":false},"author":1,"featured_media":4216,"comment_status":"open","ping_status":"closed","sticky":false,"template":"","format":"standard","meta":{"footnotes":""},"categories":[9],"tags":[],"class_list":["post-4215","post","type-post","status-publish","format-standard","has-post-thumbnail","hentry","category-xeber"],"_links":{"self":[{"href":"https:\/\/millitv.net\/index.php?rest_route=\/wp\/v2\/posts\/4215","targetHints":{"allow":["GET"]}}],"collection":[{"href":"https:\/\/millitv.net\/index.php?rest_route=\/wp\/v2\/posts"}],"about":[{"href":"https:\/\/millitv.net\/index.php?rest_route=\/wp\/v2\/types\/post"}],"author":[{"embeddable":true,"href":"https:\/\/millitv.net\/index.php?rest_route=\/wp\/v2\/users\/1"}],"replies":[{"embeddable":true,"href":"https:\/\/millitv.net\/index.php?rest_route=%2Fwp%2Fv2%2Fcomments&post=4215"}],"version-history":[{"count":0,"href":"https:\/\/millitv.net\/index.php?rest_route=\/wp\/v2\/posts\/4215\/revisions"}],"wp:featuredmedia":[{"embeddable":true,"href":"https:\/\/millitv.net\/index.php?rest_route=\/wp\/v2\/media\/4216"}],"wp:attachment":[{"href":"https:\/\/millitv.net\/index.php?rest_route=%2Fwp%2Fv2%2Fmedia&parent=4215"}],"wp:term":[{"taxonomy":"category","embeddable":true,"href":"https:\/\/millitv.net\/index.php?rest_route=%2Fwp%2Fv2%2Fcategories&post=4215"},{"taxonomy":"post_tag","embeddable":true,"href":"https:\/\/millitv.net\/index.php?rest_route=%2Fwp%2Fv2%2Ftags&post=4215"}],"curies":[{"name":"wp","href":"https:\/\/api.w.org\/{rel}","templated":true}]}}