{"id":4176,"date":"2023-10-23T06:14:57","date_gmt":"2023-10-23T06:14:57","guid":{"rendered":"https:\/\/millinews.az\/xeber\/iranin-yol-v%C9%99-s%C9%99h%C9%99rsalma-naziri-erm%C9%99nistana-gedib\/"},"modified":"2023-10-23T06:14:57","modified_gmt":"2023-10-23T06:14:57","slug":"iranin-yol-v%C9%99-s%C9%99h%C9%99rsalma-naziri-erm%C9%99nistana-gedib","status":"publish","type":"post","link":"https:\/\/millitv.net\/?p=4176","title":{"rendered":"\u200b\u0130ran\u0131n yol v\u0259 \u015f\u0259h\u0259rsalma naziri Erm\u0259nistana gedib"},"content":{"rendered":"<div id=\"maincontent\">&#13;<br \/>\n        &#13;<\/p>\n<p><strong>\u0130ran\u0131n yol v\u0259 \u015f\u0259h\u0259rsalma naziri Akab Mehrdad Bazarpa\u015f n\u00fcmay\u0259nd\u0259  hey\u0259ti  il\u0259 \u0130r\u0259vana gedib. <\/strong><\/p>\n<p><a href=\"https:\/\/Millinews.az\" target=\"_blank\" class=\"kw-link\" rel=\"noopener\">Millinews.az<\/a> x\u0259b\u0259r verir ki,  bu  bar\u0259d\u0259  \u0130ran\u0131n Erm\u0259nistandak\u0131 s\u0259firliyi m\u0259lumat  yay\u0131b.  &#13;\n<\/p>\n<p>Qeyd edilib ki, t\u0259r\u0259fl\u0259r  infrastrukturla ba\u011fl\u0131 Erm\u0259nistan hakimiyy\u0259ti il\u0259 dan\u0131\u015f\u0131qlar aparmaq \u00fc\u00e7\u00fcn bu g\u00fcn \u0130r\u0259vana g\u0259lib. &#13;<br \/>\n        &#13;<br \/>\n&#13;<br \/>\n        &#13;<br \/>\n&#13;\n        <\/p>\n<p><noscript><\/p>\n<p>You must enable Javascript on your browser for the site to work optimally and display sections completely.<\/p>\n<p><\/noscript>\t\t&#13;<br \/>\n\t\t&#13;\n    <\/div>\n<p><script type=\"text\/javascript\">jQuery(document).ready(function () {\n(function(d, s, id) {\n    var js, fjs = d.getElementsByTagName(s)[0];\n    if (d.getElementById(id))\n        return;\n    js = d.createElement(s);\n    js.id = id;\n    js.src = \"\/\/connect.facebook.net\/az_AZ\/all.js#xfbml=1&appId=1002485763137712\";\n    fjs.parentNode.insertBefore(js, fjs);\n}(document, 'script', 'facebook-jssdk'));                \n});<\/script><\/p>\n","protected":false},"excerpt":{"rendered":"<p>&#13; &#13; \u0130ran\u0131n yol v\u0259 \u015f\u0259h\u0259rsalma naziri Akab Mehrdad Bazarpa\u015f n\u00fcmay\u0259nd\u0259 hey\u0259ti il\u0259 \u0130r\u0259vana gedib. Millinews.az x\u0259b\u0259r verir ki, bu bar\u0259d\u0259 \u0130ran\u0131n Erm\u0259nistandak\u0131 s\u0259firliyi m\u0259lumat yay\u0131b. &#13; Qeyd edilib ki, t\u0259r\u0259fl\u0259r infrastrukturla ba\u011fl\u0131 Erm\u0259nistan hakimiyy\u0259ti il\u0259 dan\u0131\u015f\u0131qlar aparmaq \u00fc\u00e7\u00fcn bu g\u00fcn \u0130r\u0259vana g\u0259lib. &#13; &#13; &#13; &#13; &#13; You must enable Javascript on your browser &hellip;<\/p>\n","protected":false},"author":1,"featured_media":4177,"comment_status":"open","ping_status":"closed","sticky":false,"template":"","format":"standard","meta":{"footnotes":""},"categories":[9],"tags":[],"class_list":["post-4176","post","type-post","status-publish","format-standard","has-post-thumbnail","hentry","category-xeber"],"_links":{"self":[{"href":"https:\/\/millitv.net\/index.php?rest_route=\/wp\/v2\/posts\/4176","targetHints":{"allow":["GET"]}}],"collection":[{"href":"https:\/\/millitv.net\/index.php?rest_route=\/wp\/v2\/posts"}],"about":[{"href":"https:\/\/millitv.net\/index.php?rest_route=\/wp\/v2\/types\/post"}],"author":[{"embeddable":true,"href":"https:\/\/millitv.net\/index.php?rest_route=\/wp\/v2\/users\/1"}],"replies":[{"embeddable":true,"href":"https:\/\/millitv.net\/index.php?rest_route=%2Fwp%2Fv2%2Fcomments&post=4176"}],"version-history":[{"count":0,"href":"https:\/\/millitv.net\/index.php?rest_route=\/wp\/v2\/posts\/4176\/revisions"}],"wp:featuredmedia":[{"embeddable":true,"href":"https:\/\/millitv.net\/index.php?rest_route=\/wp\/v2\/media\/4177"}],"wp:attachment":[{"href":"https:\/\/millitv.net\/index.php?rest_route=%2Fwp%2Fv2%2Fmedia&parent=4176"}],"wp:term":[{"taxonomy":"category","embeddable":true,"href":"https:\/\/millitv.net\/index.php?rest_route=%2Fwp%2Fv2%2Fcategories&post=4176"},{"taxonomy":"post_tag","embeddable":true,"href":"https:\/\/millitv.net\/index.php?rest_route=%2Fwp%2Fv2%2Ftags&post=4176"}],"curies":[{"name":"wp","href":"https:\/\/api.w.org\/{rel}","templated":true}]}}