{"id":4164,"date":"2023-10-23T05:14:45","date_gmt":"2023-10-23T05:14:45","guid":{"rendered":"https:\/\/millinews.az\/xeber\/son-deqiqe-israil-s%C9%99rtini-aciqladi\/"},"modified":"2023-10-23T05:14:45","modified_gmt":"2023-10-23T05:14:45","slug":"son-deqiqe-israil-s%C9%99rtini-aciqladi","status":"publish","type":"post","link":"https:\/\/millitv.net\/?p=4164","title":{"rendered":"SON D\u018fQ\u0130Q\u018f: \u0130srail \u015f\u0259rtini a\u00e7\u0131qlad\u0131"},"content":{"rendered":"<p><img decoding=\"async\" src=\"https:\/\/Millinews.az\/storage\/2023\/10\/23\/israil_ordu.jpg\" alt=\"\" title=\"\"><\/p>\n<div id=\"mvp-content-main\">\n<p><strong>H\u018fMAS b\u00fct\u00fcn girovlar\u0131 azad ets\u0259 v\u0259 qeyd-\u015f\u0259rtsiz t\u0259slim olarsa, \u0130srail Q\u0259zza zola\u011f\u0131nda quru \u0259m\u0259liyyat\u0131ndan imtina etm\u0259y\u0259 haz\u0131rd\u0131r.<\/strong><\/p>\n<p><strong><a target=\"_blank\" href=\"https:\/\/Millinews.az\" rel=\"noopener\">Millinews.az<\/a><\/strong> x\u0259b\u0259r verir ki, bu bar\u0259d\u0259 \u0130srail M\u00fcdafi\u0259 Q\u00fcvv\u0259l\u0259rinin (IDF) s\u00f6z\u00e7\u00fcs\u00fc Conatan Konrikus Melburnda ABC radiosuna m\u00fcsahib\u0259sind\u0259 bildirib .<\/p>\n<p>\u201cBu \u015f\u0259rtl\u0259r yerin\u0259 yetirilm\u0259s\u0259, Q\u0259zzada quru \u0259m\u0259liyyat\u0131 qa\u00e7\u0131lmaz olacaq\u201d, dey\u0259 y\u0259hudi d\u00f6vl\u0259ti ordusunun n\u00fcmay\u0259nd\u0259si \u0259lav\u0259 edib. O xat\u0131rlad\u0131b ki, H\u018fMAS haz\u0131rda 212 n\u0259f\u0259ri \u0259sir saxlay\u0131r.<\/p>\n<p>Eyni zamanda, Konrikus \u0130srail \u00fc\u00e7\u00fcn hans\u0131 h\u0259d\u0259fin \u201cgirovlar\u0131n azad edilm\u0259si, yoxsa H\u018fMAS-\u0131n m\u0259hv edilm\u0259si daha prioritetdir\u201d sual\u0131na birm\u0259nal\u0131 cavab ver\u0259 bilm\u0259yib.<\/p>\n<p>Q\u0259zza zola\u011f\u0131nda h\u0259rbi \u0259m\u0259liyyatlar \u00e7ox yax\u0131n vaxtlarda ba\u015flamal\u0131d\u0131r. H\u0259rbi idar\u0259nin r\u0259isi Yoav Qalant\u0131n verdiyi proqnoza g\u00f6r\u0259, bu, t\u0259xmin\u0259n \u00fc\u00e7 ay davam ed\u0259 bil\u0259r.<\/p>\n<p>Tural<\/p>\n<\/p><\/div>\n<p><script>\n        (function (d, s, id) {\n            var js, fjs = d.getElementsByTagName(s)[0];\n            if (d.getElementById(id)) return;\n            js = d.createElement(s);\n            js.id = id;\n            js.src = \"\/\/connect.facebook.net\/az_AZ\/sdk.js#xfbml=1&version=v2.7&appId=\";\n            fjs.parentNode.insertBefore(js, fjs);\n        }(document, 'script', 'facebook-jssdk'));\n    <\/script><\/p>\n","protected":false},"excerpt":{"rendered":"<p>H\u018fMAS b\u00fct\u00fcn girovlar\u0131 azad ets\u0259 v\u0259 qeyd-\u015f\u0259rtsiz t\u0259slim olarsa, \u0130srail Q\u0259zza zola\u011f\u0131nda quru \u0259m\u0259liyyat\u0131ndan imtina etm\u0259y\u0259 haz\u0131rd\u0131r. Millinews.az x\u0259b\u0259r verir ki, bu bar\u0259d\u0259 \u0130srail M\u00fcdafi\u0259 Q\u00fcvv\u0259l\u0259rinin (IDF) s\u00f6z\u00e7\u00fcs\u00fc Conatan Konrikus Melburnda ABC radiosuna m\u00fcsahib\u0259sind\u0259 bildirib . \u201cBu \u015f\u0259rtl\u0259r yerin\u0259 yetirilm\u0259s\u0259, Q\u0259zzada quru \u0259m\u0259liyyat\u0131 qa\u00e7\u0131lmaz olacaq\u201d, dey\u0259 y\u0259hudi d\u00f6vl\u0259ti ordusunun n\u00fcmay\u0259nd\u0259si \u0259lav\u0259 edib. O xat\u0131rlad\u0131b ki, &hellip;<\/p>\n","protected":false},"author":1,"featured_media":4165,"comment_status":"open","ping_status":"closed","sticky":false,"template":"","format":"standard","meta":{"footnotes":""},"categories":[9],"tags":[],"class_list":["post-4164","post","type-post","status-publish","format-standard","has-post-thumbnail","hentry","category-xeber"],"_links":{"self":[{"href":"https:\/\/millitv.net\/index.php?rest_route=\/wp\/v2\/posts\/4164","targetHints":{"allow":["GET"]}}],"collection":[{"href":"https:\/\/millitv.net\/index.php?rest_route=\/wp\/v2\/posts"}],"about":[{"href":"https:\/\/millitv.net\/index.php?rest_route=\/wp\/v2\/types\/post"}],"author":[{"embeddable":true,"href":"https:\/\/millitv.net\/index.php?rest_route=\/wp\/v2\/users\/1"}],"replies":[{"embeddable":true,"href":"https:\/\/millitv.net\/index.php?rest_route=%2Fwp%2Fv2%2Fcomments&post=4164"}],"version-history":[{"count":0,"href":"https:\/\/millitv.net\/index.php?rest_route=\/wp\/v2\/posts\/4164\/revisions"}],"wp:featuredmedia":[{"embeddable":true,"href":"https:\/\/millitv.net\/index.php?rest_route=\/wp\/v2\/media\/4165"}],"wp:attachment":[{"href":"https:\/\/millitv.net\/index.php?rest_route=%2Fwp%2Fv2%2Fmedia&parent=4164"}],"wp:term":[{"taxonomy":"category","embeddable":true,"href":"https:\/\/millitv.net\/index.php?rest_route=%2Fwp%2Fv2%2Fcategories&post=4164"},{"taxonomy":"post_tag","embeddable":true,"href":"https:\/\/millitv.net\/index.php?rest_route=%2Fwp%2Fv2%2Ftags&post=4164"}],"curies":[{"name":"wp","href":"https:\/\/api.w.org\/{rel}","templated":true}]}}