{"id":416,"date":"2023-08-21T10:44:27","date_gmt":"2023-08-21T10:44:27","guid":{"rendered":"https:\/\/millinews.az\/?p=416"},"modified":"2023-08-21T10:44:29","modified_gmt":"2023-08-21T10:44:29","slug":"onun-yazicilar-birliyin%c9%99-uzvluyu-qiyam%c9%99t-%c9%99lam%c9%99tidir-rasim-balayev-elzani-yixib-surudu","status":"publish","type":"post","link":"https:\/\/millitv.net\/?p=416","title":{"rendered":"Onun Yaz\u0131\u00e7\u0131lar Birliyin\u0259 \u00fczvl\u00fcy\u00fc qiyam\u0259t \u0259lam\u0259tidir &#8211; Rasim Balayev Elzan\u0131 y\u0131x\u0131b s\u00fcr\u00fcd\u00fc"},"content":{"rendered":"\n<p>\u201cEynicinsli adamlar x\u0259st\u0259dirl\u0259r. Ki\u015fil\u0259rl\u0259 ki\u015fil\u0259rin, qad\u0131nlarla qad\u0131nlar\u0131n evl\u0259nm\u0259si, insanlar\u0131n az\u011f\u0131nla\u015fmas\u0131, Elza Seyidcahan\u0131n Yaz\u0131\u00e7\u0131lar Birliyin\u0259 \u00fczv olmas\u0131 qiyam\u0259t \u0259lam\u0259tidir\u201d.<\/p>\n\n\n\n<p>Bu s\u00f6zl\u0259ri BBC agentliyin\u0259 m\u00fcsahib\u0259sind\u0259 Xalq artisti Rasim Balayev deyib.<\/p>\n\n\n\n<p>Elza Seyidcahanla ba\u011fl\u0131 &#8220;Lent.az&#8221;\u0131n sual\u0131n\u0131 cavabland\u0131ran Rasim Balayev qeyd edib ki, o verdiyi b\u00fct\u00fcn m\u00fcsahib\u0259 v\u0259 a\u00e7\u0131qlamalarda \u00f6z subyektiv fikrini s\u0259sl\u0259ndirir v\u0259 he\u00e7 bir jurnalist bunu d\u0259yi\u015fdirm\u0259y\u0259 \u00e7al\u0131\u015fmamal\u0131d\u0131r:<\/p>\n\n\n\n<p>\u201cB\u0259li m\u0259n el\u0259 bir fikir s\u0259sl\u0259ndirdim, bu m\u0259nim \u015f\u0259xsi fikrimdir, subyektiv d\u00fc\u015f\u00fcnc\u0259mdir, Elza Seyidcahan bar\u0259d\u0259 d\u0259 dedikl\u0259rim s\u0259hvdir v\u0259 ya d\u00fczd\u00fcr, q\u0259bul olunur, yaxud olunmur, h\u0259r bir halda bu m\u0259nim fikrimdir\u201d.<\/p>\n\n\n\n<p>Xalq artisti yenid\u0259n polemikalara s\u0259b\u0259b olmaq ist\u0259m\u0259diyini bildirib.<\/p>\n\n\n\n<p>\u00d6t\u0259n il Rasim Balayev b\u0259st\u0259kar-m\u00fc\u011f\u0259nninin \u015feirl\u0259rini haqda dan\u0131\u015fark\u0259n &#8220;Ona dey\u0259n yoxdur ki, i\u015finl\u0259 m\u0259\u015f\u011ful ol? S\u0259n \u015fair deyils\u0259n. Bu \u015feirl\u0259r efirlik deyil&#8221; s\u00f6zl\u0259rini demi\u015fdi.<\/p>\n\n\n\n<p>Elza Seyidcahan is\u0259 cavab olaraq &#8220;Rasim Balayev\u0259 t\u0259\u015f\u0259kk\u00fcr edir\u0259m, oxucumdur, m\u0259ni m\u00fczakir\u0259 edir. Rasim b\u0259y, m\u0259ni oxuma\u011fa davam edin\u201d, &#8211; demi\u015f, qat\u0131ld\u0131\u011f\u0131 proqramlardan birind\u0259 aktyorun aln\u0131ndan \u00f6pm\u00fc\u015fd\u00fc.<\/p>\n","protected":false},"excerpt":{"rendered":"<p>\u201cEynicinsli adamlar x\u0259st\u0259dirl\u0259r. Ki\u015fil\u0259rl\u0259 ki\u015fil\u0259rin, qad\u0131nlarla qad\u0131nlar\u0131n evl\u0259nm\u0259si, insanlar\u0131n az\u011f\u0131nla\u015fmas\u0131, Elza Seyidcahan\u0131n Yaz\u0131\u00e7\u0131lar Birliyin\u0259 \u00fczv olmas\u0131 qiyam\u0259t \u0259lam\u0259tidir\u201d. Bu s\u00f6zl\u0259ri BBC agentliyin\u0259 m\u00fcsahib\u0259sind\u0259 Xalq artisti Rasim Balayev deyib. Elza Seyidcahanla ba\u011fl\u0131 &#8220;Lent.az&#8221;\u0131n sual\u0131n\u0131 cavabland\u0131ran Rasim Balayev qeyd edib ki, o verdiyi b\u00fct\u00fcn m\u00fcsahib\u0259 v\u0259 a\u00e7\u0131qlamalarda \u00f6z subyektiv fikrini s\u0259sl\u0259ndirir v\u0259 he\u00e7 bir jurnalist bunu d\u0259yi\u015fdirm\u0259y\u0259 &hellip;<\/p>\n","protected":false},"author":1,"featured_media":417,"comment_status":"open","ping_status":"closed","sticky":false,"template":"","format":"standard","meta":{"footnotes":""},"categories":[6],"tags":[],"class_list":["post-416","post","type-post","status-publish","format-standard","has-post-thumbnail","hentry","category-maqazin"],"_links":{"self":[{"href":"https:\/\/millitv.net\/index.php?rest_route=\/wp\/v2\/posts\/416","targetHints":{"allow":["GET"]}}],"collection":[{"href":"https:\/\/millitv.net\/index.php?rest_route=\/wp\/v2\/posts"}],"about":[{"href":"https:\/\/millitv.net\/index.php?rest_route=\/wp\/v2\/types\/post"}],"author":[{"embeddable":true,"href":"https:\/\/millitv.net\/index.php?rest_route=\/wp\/v2\/users\/1"}],"replies":[{"embeddable":true,"href":"https:\/\/millitv.net\/index.php?rest_route=%2Fwp%2Fv2%2Fcomments&post=416"}],"version-history":[{"count":0,"href":"https:\/\/millitv.net\/index.php?rest_route=\/wp\/v2\/posts\/416\/revisions"}],"wp:featuredmedia":[{"embeddable":true,"href":"https:\/\/millitv.net\/index.php?rest_route=\/wp\/v2\/media\/417"}],"wp:attachment":[{"href":"https:\/\/millitv.net\/index.php?rest_route=%2Fwp%2Fv2%2Fmedia&parent=416"}],"wp:term":[{"taxonomy":"category","embeddable":true,"href":"https:\/\/millitv.net\/index.php?rest_route=%2Fwp%2Fv2%2Fcategories&post=416"},{"taxonomy":"post_tag","embeddable":true,"href":"https:\/\/millitv.net\/index.php?rest_route=%2Fwp%2Fv2%2Ftags&post=416"}],"curies":[{"name":"wp","href":"https:\/\/api.w.org\/{rel}","templated":true}]}}