{"id":4136,"date":"2023-10-23T01:26:51","date_gmt":"2023-10-23T01:26:51","guid":{"rendered":"https:\/\/millinews.az\/xeber\/stilist-anar-aparici-ulvirani-taninmaz-d%C9%99r%C9%99c%C9%99d%C9%99-d%C9%99yisdi\/"},"modified":"2023-10-23T01:26:51","modified_gmt":"2023-10-23T01:26:51","slug":"stilist-anar-aparici-ulvirani-taninmaz-d%C9%99r%C9%99c%C9%99d%C9%99-d%C9%99yisdi","status":"publish","type":"post","link":"https:\/\/millitv.net\/?p=4136","title":{"rendered":"Stilist Anar apar\u0131c\u0131 \u00dclviran\u0131 tan\u0131nmaz d\u0259r\u0259c\u0259d\u0259 d\u0259yi\u015fdi"},"content":{"rendered":"<p><img decoding=\"async\" src=\"https:\/\/Millinews.az\/storage\/2023\/10\/23\/ulvira.png\" alt=\"\" title=\"\"><\/p>\n<div id=\"mvp-content-main\">\n<p><strong>Apar\u0131c\u0131 \u00dclvira Qarayeva yeni g\u00f6r\u00fcn\u00fc\u015f\u00fc il\u0259 g\u00f6r\u0259nl\u0259ri t\u0259\u0259cc\u00fcbl\u0259ndirib.<\/strong><\/p>\n<p><strong><a target=\"_blank\" href=\"https:\/\/Millinews.az\" rel=\"noopener\">Millinews.az<\/a> <\/strong>bizim media-ya istinadla x\u0259b\u0259r verir ki, d\u00fcnyaca m\u0259\u015fhur stilist v\u0259 vizajist Anar A\u011faki\u015fiyev televiziya ulduzunun imicini 180 d\u0259r\u0259c\u0259 d\u0259yi\u015fib.<\/p>\n<p>Qarayeva sad\u0259 sa\u00e7 d\u00fcz\u00fcm\u00fc v\u0259 q\u00fcsursuz makiyaj\u0131 il\u0259 diqq\u0259tl\u0259ri \u00fcz\u0259rin\u0259 c\u0259ml\u0259yib. \u00dclvira yeni imicd\u0259 \u00e7\u0259kil\u0259n g\u00f6r\u00fcnt\u00fcl\u0259rini sosial \u015f\u0259b\u0259k\u0259 hesab\u0131nda izl\u0259yicil\u0259ri il\u0259 b\u00f6l\u00fc\u015f\u00fcb. \u0130zl\u0259yicil\u0259r apar\u0131c\u0131n\u0131n yeni g\u00f6r\u00fcn\u00fc\u015f\u00fcn\u00fc \u00e7ox b\u0259y\u0259ndikl\u0259rini yaz\u0131blar.<\/p>\n<p>Qeyd ed\u0259k ki, \u00dclvira Qarayeva &#8220;YouTube&#8221;da &#8220;AStar&#8221; layih\u0259sinin eyni zamanda ARB televiziyas\u0131nda &#8220;G\u00fcn\u0259 son&#8221; ictimai-sosial verili\u015finin apar\u0131c\u0131s\u0131 v\u0259 layih\u0259 r\u0259hb\u0259ridir.<\/p>\n<p><iframe loading=\"lazy\" allowfullscreen=\"\" frameborder=\"0\" height=\"450\" src=\"https:\/\/newstube.az\/embed\/158591\" width=\"100%\"><\/iframe><\/p>\n<\/p><\/div>\n<p><script>\n        (function (d, s, id) {\n            var js, fjs = d.getElementsByTagName(s)[0];\n            if (d.getElementById(id)) return;\n            js = d.createElement(s);\n            js.id = id;\n            js.src = \"\/\/connect.facebook.net\/az_AZ\/sdk.js#xfbml=1&version=v2.7&appId=\";\n            fjs.parentNode.insertBefore(js, fjs);\n        }(document, 'script', 'facebook-jssdk'));\n    <\/script><\/p>\n","protected":false},"excerpt":{"rendered":"<p>Apar\u0131c\u0131 \u00dclvira Qarayeva yeni g\u00f6r\u00fcn\u00fc\u015f\u00fc il\u0259 g\u00f6r\u0259nl\u0259ri t\u0259\u0259cc\u00fcbl\u0259ndirib. Millinews.az bizim media-ya istinadla x\u0259b\u0259r verir ki, d\u00fcnyaca m\u0259\u015fhur stilist v\u0259 vizajist Anar A\u011faki\u015fiyev televiziya ulduzunun imicini 180 d\u0259r\u0259c\u0259 d\u0259yi\u015fib. Qarayeva sad\u0259 sa\u00e7 d\u00fcz\u00fcm\u00fc v\u0259 q\u00fcsursuz makiyaj\u0131 il\u0259 diqq\u0259tl\u0259ri \u00fcz\u0259rin\u0259 c\u0259ml\u0259yib. \u00dclvira yeni imicd\u0259 \u00e7\u0259kil\u0259n g\u00f6r\u00fcnt\u00fcl\u0259rini sosial \u015f\u0259b\u0259k\u0259 hesab\u0131nda izl\u0259yicil\u0259ri il\u0259 b\u00f6l\u00fc\u015f\u00fcb. \u0130zl\u0259yicil\u0259r apar\u0131c\u0131n\u0131n yeni g\u00f6r\u00fcn\u00fc\u015f\u00fcn\u00fc \u00e7ox &hellip;<\/p>\n","protected":false},"author":1,"featured_media":4137,"comment_status":"open","ping_status":"closed","sticky":false,"template":"","format":"standard","meta":{"footnotes":""},"categories":[9],"tags":[],"class_list":["post-4136","post","type-post","status-publish","format-standard","has-post-thumbnail","hentry","category-xeber"],"_links":{"self":[{"href":"https:\/\/millitv.net\/index.php?rest_route=\/wp\/v2\/posts\/4136","targetHints":{"allow":["GET"]}}],"collection":[{"href":"https:\/\/millitv.net\/index.php?rest_route=\/wp\/v2\/posts"}],"about":[{"href":"https:\/\/millitv.net\/index.php?rest_route=\/wp\/v2\/types\/post"}],"author":[{"embeddable":true,"href":"https:\/\/millitv.net\/index.php?rest_route=\/wp\/v2\/users\/1"}],"replies":[{"embeddable":true,"href":"https:\/\/millitv.net\/index.php?rest_route=%2Fwp%2Fv2%2Fcomments&post=4136"}],"version-history":[{"count":0,"href":"https:\/\/millitv.net\/index.php?rest_route=\/wp\/v2\/posts\/4136\/revisions"}],"wp:featuredmedia":[{"embeddable":true,"href":"https:\/\/millitv.net\/index.php?rest_route=\/wp\/v2\/media\/4137"}],"wp:attachment":[{"href":"https:\/\/millitv.net\/index.php?rest_route=%2Fwp%2Fv2%2Fmedia&parent=4136"}],"wp:term":[{"taxonomy":"category","embeddable":true,"href":"https:\/\/millitv.net\/index.php?rest_route=%2Fwp%2Fv2%2Fcategories&post=4136"},{"taxonomy":"post_tag","embeddable":true,"href":"https:\/\/millitv.net\/index.php?rest_route=%2Fwp%2Fv2%2Ftags&post=4136"}],"curies":[{"name":"wp","href":"https:\/\/api.w.org\/{rel}","templated":true}]}}