{"id":4128,"date":"2023-10-22T23:50:15","date_gmt":"2023-10-22T23:50:15","guid":{"rendered":"https:\/\/millinews.az\/xeber\/yasil-dalga-isvecr%C9%99d%C9%99ki-parlament-seckil%C9%99rinin-qalibi-oldu\/"},"modified":"2023-10-22T23:50:15","modified_gmt":"2023-10-22T23:50:15","slug":"yasil-dalga-isvecr%C9%99d%C9%99ki-parlament-seckil%C9%99rinin-qalibi-oldu","status":"publish","type":"post","link":"https:\/\/millitv.net\/?p=4128","title":{"rendered":"\u201dYa\u015f\u0131l dal\u011fa\u201d \u0130sve\u00e7r\u0259d\u0259ki parlament se\u00e7kil\u0259rinin qalibi oldu"},"content":{"rendered":"<p><img decoding=\"async\" src=\"https:\/\/Millinews.az\/storage\/2023\/10\/23\/16980111613110225742_1200x630.jpg\" alt=\"\" title=\"\"><\/p>\n<div id=\"mvp-content-main\">\n<p><strong>\u0130sve\u00e7r\u0259d\u0259 ke\u00e7iril\u0259n parlament se\u00e7kil\u0259rind\u0259 mill\u0259t\u00e7i-m\u00fchafiz\u0259kar \u0130sve\u00e7r\u0259 Xalq Partiyas\u0131 (SVP) qalib g\u0259lib.<\/strong><\/p>\n<p><strong><a target=\"_blank\" href=\"https:\/\/Millinews.az\" rel=\"noopener\">Millinews.az<\/a> <\/strong>x\u0259b\u0259r verir ki, \u201cexit-poll\u201cun n\u0259tic\u0259l\u0259rin\u0259 g\u00f6r\u0259, SVP 29 faiz s\u0259s toplayaraq, 200 yerlik parlamentd\u0259 mandatlar\u0131n say\u0131n\u0131 53-d\u0259n 62-y\u0259 \u00e7atd\u0131r\u0131b.<\/p>\n<p>2019-cu il parlament se\u00e7kil\u0259rind\u0259 13,2 faiz s\u0259s toplayaraq, \u00f6z tarixind\u0259 \u0259n y\u00fcks\u0259k n\u0259tic\u0259y\u0259 imza atan Ya\u015f\u0131llar partiyas\u0131 is\u0259 9,1 faiz s\u0259sl\u0259 \u00fcmidl\u0259ri do\u011frultmay\u0131b v\u0259 parlamentd\u0259 be\u015f mandat\u0131ndan imtina etm\u0259li olacaq. Ya\u015f\u0131l Liberallar is\u0259 parlamentd\u0259 alt\u0131 mandat itirm\u0259li olublar.<\/p>\n<p>\u00d6lk\u0259nin \u0259n b\u00f6y\u00fck partiyalar\u0131ndan biri olan Sosial-Demokratlar Partiyas\u0131 (SP) 17,9 faiz s\u0259sl\u0259 mandatlar\u0131n say\u0131n\u0131 41-\u0259 \u00e7atd\u0131ra bilib. M\u0259rk\u0259z Partiyas\u0131 29 mandat, Azad Demokratlar Partiyas\u0131 (FDP) 28 mandatla n\u00f6vb\u0259ti koalisiya dan\u0131\u015f\u0131qlar\u0131nda m\u00fch\u00fcm t\u0259r\u0259fda\u015f rolunda \u00e7\u0131x\u0131\u015f ed\u0259 bil\u0259c\u0259k.<\/p>\n<p>Parlament se\u00e7kil\u0259rind\u0259 \u00f6lk\u0259 \u0259halisinin 48 faizinin i\u015ftirak\u0131 \u0259halinin \u00f6lk\u0259d\u0259ki siyasi q\u0259rarlar\u0131n verilm\u0259sind\u0259 h\u0259r r\u00fcb ke\u00e7iril\u0259n v\u0259 m\u00fcxt\u0259lif m\u00f6vzular \u00fczr\u0259 suallar\u0131n \u0259ks olundu\u011fu referendumlara daha \u00e7ox \u00fcst\u00fcnl\u00fck verdiyini g\u00f6st\u0259rir.<\/p>\n<\/p><\/div>\n<p><script>\n        (function (d, s, id) {\n            var js, fjs = d.getElementsByTagName(s)[0];\n            if (d.getElementById(id)) return;\n            js = d.createElement(s);\n            js.id = id;\n            js.src = \"\/\/connect.facebook.net\/az_AZ\/sdk.js#xfbml=1&version=v2.7&appId=\";\n            fjs.parentNode.insertBefore(js, fjs);\n        }(document, 'script', 'facebook-jssdk'));\n    <\/script><\/p>\n","protected":false},"excerpt":{"rendered":"<p>\u0130sve\u00e7r\u0259d\u0259 ke\u00e7iril\u0259n parlament se\u00e7kil\u0259rind\u0259 mill\u0259t\u00e7i-m\u00fchafiz\u0259kar \u0130sve\u00e7r\u0259 Xalq Partiyas\u0131 (SVP) qalib g\u0259lib. Millinews.az x\u0259b\u0259r verir ki, \u201cexit-poll\u201cun n\u0259tic\u0259l\u0259rin\u0259 g\u00f6r\u0259, SVP 29 faiz s\u0259s toplayaraq, 200 yerlik parlamentd\u0259 mandatlar\u0131n say\u0131n\u0131 53-d\u0259n 62-y\u0259 \u00e7atd\u0131r\u0131b. 2019-cu il parlament se\u00e7kil\u0259rind\u0259 13,2 faiz s\u0259s toplayaraq, \u00f6z tarixind\u0259 \u0259n y\u00fcks\u0259k n\u0259tic\u0259y\u0259 imza atan Ya\u015f\u0131llar partiyas\u0131 is\u0259 9,1 faiz s\u0259sl\u0259 \u00fcmidl\u0259ri do\u011frultmay\u0131b v\u0259 &hellip;<\/p>\n","protected":false},"author":1,"featured_media":4129,"comment_status":"open","ping_status":"closed","sticky":false,"template":"","format":"standard","meta":{"footnotes":""},"categories":[9],"tags":[],"class_list":["post-4128","post","type-post","status-publish","format-standard","has-post-thumbnail","hentry","category-xeber"],"_links":{"self":[{"href":"https:\/\/millitv.net\/index.php?rest_route=\/wp\/v2\/posts\/4128","targetHints":{"allow":["GET"]}}],"collection":[{"href":"https:\/\/millitv.net\/index.php?rest_route=\/wp\/v2\/posts"}],"about":[{"href":"https:\/\/millitv.net\/index.php?rest_route=\/wp\/v2\/types\/post"}],"author":[{"embeddable":true,"href":"https:\/\/millitv.net\/index.php?rest_route=\/wp\/v2\/users\/1"}],"replies":[{"embeddable":true,"href":"https:\/\/millitv.net\/index.php?rest_route=%2Fwp%2Fv2%2Fcomments&post=4128"}],"version-history":[{"count":0,"href":"https:\/\/millitv.net\/index.php?rest_route=\/wp\/v2\/posts\/4128\/revisions"}],"wp:featuredmedia":[{"embeddable":true,"href":"https:\/\/millitv.net\/index.php?rest_route=\/wp\/v2\/media\/4129"}],"wp:attachment":[{"href":"https:\/\/millitv.net\/index.php?rest_route=%2Fwp%2Fv2%2Fmedia&parent=4128"}],"wp:term":[{"taxonomy":"category","embeddable":true,"href":"https:\/\/millitv.net\/index.php?rest_route=%2Fwp%2Fv2%2Fcategories&post=4128"},{"taxonomy":"post_tag","embeddable":true,"href":"https:\/\/millitv.net\/index.php?rest_route=%2Fwp%2Fv2%2Ftags&post=4128"}],"curies":[{"name":"wp","href":"https:\/\/api.w.org\/{rel}","templated":true}]}}