{"id":4118,"date":"2023-10-22T21:53:05","date_gmt":"2023-10-22T21:53:05","guid":{"rendered":"https:\/\/millinews.az\/xeber\/baydenl%C9%99-papa-arasinda-kritik-muzakire-dunyadaki-munaqis%C9%99l%C9%99r\/"},"modified":"2023-10-22T21:53:05","modified_gmt":"2023-10-22T21:53:05","slug":"baydenl%C9%99-papa-arasinda-kritik-muzakire-dunyadaki-munaqis%C9%99l%C9%99r","status":"publish","type":"post","link":"https:\/\/millitv.net\/?p=4118","title":{"rendered":"Baydenl\u0259 Papa aras\u0131nda KR\u0130T\u0130K M\u00dcZAK\u0130R\u018f: D\u00fcnyadak\u0131 m\u00fcnaqi\u015f\u0259l\u0259r&#8230;"},"content":{"rendered":"<p><img decoding=\"async\" src=\"https:\/\/Millinews.az\/storage\/2023\/10\/22\/bayden_papa.jpg\" alt=\"\" title=\"\"><\/p>\n<div id=\"mvp-content-main\">\n<p><strong>Roma Papas\u0131 Fransisk AB\u015e prezidenti Co Baydenl\u0259 telefon dan\u0131\u015f\u0131\u011f\u0131 apar\u0131b.<\/strong><\/p>\n<p><strong><a target=\"_blank\" href=\"https:\/\/Millinews.az\" rel=\"noopener\">Millinews.az<\/a><\/strong> x\u0259b\u0259r verir ki, bu bar\u0259d\u0259 TASS Vatikan\u0131n m\u0259tbuat xidm\u0259tin\u0259 istinadla m\u0259lumat yay\u0131b.<\/p>\n<p>Qeyd olunur ki, prezident v\u0259 katolik kils\u0259sinin r\u0259hb\u0259ri 20 d\u0259qiq\u0259 \u0259rzind\u0259 d\u00fcnyadak\u0131 m\u00fcnaqi\u015f\u0259li v\u0259ziyy\u0259tl\u0259ri v\u0259 onlar\u0131n s\u00fclh yolu il\u0259 h\u0259lli yollar\u0131n\u0131 m\u00fczakir\u0259 edibl\u0259r.<\/p>\n<p>Papa bundan \u0259vv\u0259l m\u00fcnaqi\u015f\u0259nin k\u0259skinl\u0259\u015fm\u0259si fonunda Q\u0259zza zola\u011f\u0131n\u0131n \u0259halisini xilas etm\u0259y\u0259 \u00e7a\u011f\u0131rm\u0131\u015fd\u0131. O, girovlar\u0131n azad edilm\u0259sini v\u0259 humanitar d\u0259hlizl\u0259rin yarad\u0131lmas\u0131n\u0131 t\u0259min etm\u0259yi xahi\u015f edib.<\/p>\n<p>Co Bayden bir ne\u00e7\u0259 g\u00fcn sonra \u0130srail\u0259 s\u0259f\u0259r edib. Ba\u015f nazir Benyamin Netanyahu il\u0259 s\u00f6hb\u0259ti zaman\u0131 o, \u00f6lk\u0259nin m\u00fcdafi\u0259 h\u00fcququnu bir daha t\u0259sdiql\u0259yib .<\/p>\n<p>Amerika liderinin s\u00f6zl\u0259rin\u0259 g\u00f6r\u0259, F\u0259l\u0259stinin radikal H\u018fMAS h\u0259r\u0259kat\u0131 \u0130srailin S\u0259udiyy\u0259 \u018fr\u0259bistan\u0131 il\u0259 yax\u0131nla\u015fmas\u0131n\u0131 pozmaq \u00fc\u00e7\u00fcn ona h\u00fccumlar planla\u015fd\u0131r\u0131b.<\/p>\n<p><strong>H\u00fcseyn \u0130badl\u0131<\/strong><\/p>\n<\/p><\/div>\n<p><script>\n        (function (d, s, id) {\n            var js, fjs = d.getElementsByTagName(s)[0];\n            if (d.getElementById(id)) return;\n            js = d.createElement(s);\n            js.id = id;\n            js.src = \"\/\/connect.facebook.net\/az_AZ\/sdk.js#xfbml=1&version=v2.7&appId=\";\n            fjs.parentNode.insertBefore(js, fjs);\n        }(document, 'script', 'facebook-jssdk'));\n    <\/script><\/p>\n","protected":false},"excerpt":{"rendered":"<p>Roma Papas\u0131 Fransisk AB\u015e prezidenti Co Baydenl\u0259 telefon dan\u0131\u015f\u0131\u011f\u0131 apar\u0131b. Millinews.az x\u0259b\u0259r verir ki, bu bar\u0259d\u0259 TASS Vatikan\u0131n m\u0259tbuat xidm\u0259tin\u0259 istinadla m\u0259lumat yay\u0131b. Qeyd olunur ki, prezident v\u0259 katolik kils\u0259sinin r\u0259hb\u0259ri 20 d\u0259qiq\u0259 \u0259rzind\u0259 d\u00fcnyadak\u0131 m\u00fcnaqi\u015f\u0259li v\u0259ziyy\u0259tl\u0259ri v\u0259 onlar\u0131n s\u00fclh yolu il\u0259 h\u0259lli yollar\u0131n\u0131 m\u00fczakir\u0259 edibl\u0259r. Papa bundan \u0259vv\u0259l m\u00fcnaqi\u015f\u0259nin k\u0259skinl\u0259\u015fm\u0259si fonunda Q\u0259zza zola\u011f\u0131n\u0131n \u0259halisini &hellip;<\/p>\n","protected":false},"author":1,"featured_media":4119,"comment_status":"open","ping_status":"closed","sticky":false,"template":"","format":"standard","meta":{"footnotes":""},"categories":[9],"tags":[],"class_list":["post-4118","post","type-post","status-publish","format-standard","has-post-thumbnail","hentry","category-xeber"],"_links":{"self":[{"href":"https:\/\/millitv.net\/index.php?rest_route=\/wp\/v2\/posts\/4118","targetHints":{"allow":["GET"]}}],"collection":[{"href":"https:\/\/millitv.net\/index.php?rest_route=\/wp\/v2\/posts"}],"about":[{"href":"https:\/\/millitv.net\/index.php?rest_route=\/wp\/v2\/types\/post"}],"author":[{"embeddable":true,"href":"https:\/\/millitv.net\/index.php?rest_route=\/wp\/v2\/users\/1"}],"replies":[{"embeddable":true,"href":"https:\/\/millitv.net\/index.php?rest_route=%2Fwp%2Fv2%2Fcomments&post=4118"}],"version-history":[{"count":0,"href":"https:\/\/millitv.net\/index.php?rest_route=\/wp\/v2\/posts\/4118\/revisions"}],"wp:featuredmedia":[{"embeddable":true,"href":"https:\/\/millitv.net\/index.php?rest_route=\/wp\/v2\/media\/4119"}],"wp:attachment":[{"href":"https:\/\/millitv.net\/index.php?rest_route=%2Fwp%2Fv2%2Fmedia&parent=4118"}],"wp:term":[{"taxonomy":"category","embeddable":true,"href":"https:\/\/millitv.net\/index.php?rest_route=%2Fwp%2Fv2%2Fcategories&post=4118"},{"taxonomy":"post_tag","embeddable":true,"href":"https:\/\/millitv.net\/index.php?rest_route=%2Fwp%2Fv2%2Ftags&post=4118"}],"curies":[{"name":"wp","href":"https:\/\/api.w.org\/{rel}","templated":true}]}}