{"id":4098,"date":"2023-10-22T19:57:29","date_gmt":"2023-10-22T19:57:29","guid":{"rendered":"https:\/\/millinews.az\/xeber\/q%C9%99zza-zolaginda-%C9%99m%C9%99liyyat-uc-aya-q%C9%99d%C9%99r-c%C9%99k%C9%99-bil%C9%99r\/"},"modified":"2023-10-22T19:57:29","modified_gmt":"2023-10-22T19:57:29","slug":"q%C9%99zza-zolaginda-%C9%99m%C9%99liyyat-uc-aya-q%C9%99d%C9%99r-c%C9%99k%C9%99-bil%C9%99r","status":"publish","type":"post","link":"https:\/\/millitv.net\/?p=4098","title":{"rendered":"\u201cQ\u0259zza zola\u011f\u0131nda \u0259m\u0259liyyat \u00fc\u00e7 aya q\u0259d\u0259r \u00e7\u0259k\u0259 bil\u0259r\u201d"},"content":{"rendered":"<div id=\"maincontent\">&#13;<br \/>\n        &#13;<\/p>\n<p><strong>\u201cQ\u0259zza zola\u011f\u0131nda \u0259m\u0259liyyat \u00fc\u00e7 aya q\u0259d\u0259r \u00e7\u0259k\u0259 bil\u0259r\u201d.<\/strong><\/p>\n<p><a href=\"https:\/\/Millinews.az\" target=\"_blank\" class=\"kw-link\" rel=\"noopener\">Millinews.az<\/a> x\u0259b\u0259r verir ki, bunu \u0130srailin m\u00fcdafi\u0259 naziri Yoav Qalant deyib. &#13;\n<\/p>\n<p>O qeyd edib ki, yer\u00fcst\u00fc \u0259m\u0259liyyat n\u0259tic\u0259sind\u0259 \u201cH\u018fMAS\u201d h\u0259r\u0259kat\u0131 m\u0259hv edilm\u0259lidir:<\/p>\n<p>\u201cBu, Q\u0259zzada son yer\u00fcst\u00fc \u0259m\u0259liyyat olmal\u0131d\u0131r, ona g\u00f6r\u0259 ki, daha \u201cH\u018fMAS\u201d olmayacaq. Bir ay, iki, \u00fc\u00e7 ay \u00e7\u0259k\u0259c\u0259k, amma sonda \u201cH\u018fMAS\u201d olmayacaq\u201d.&#13;<br \/>\n        &#13;<br \/>\n&#13;<br \/>\n        &#13;<br \/>\n&#13;\n        <\/p>\n<p><noscript><\/p>\n<p>You must enable Javascript on your browser for the site to work optimally and display sections completely.<\/p>\n<p><\/noscript>\t\t&#13;<br \/>\n\t\t&#13;\n    <\/div>\n<p><script type=\"text\/javascript\">jQuery(document).ready(function () {\n(function(d, s, id) {\n    var js, fjs = d.getElementsByTagName(s)[0];\n    if (d.getElementById(id))\n        return;\n    js = d.createElement(s);\n    js.id = id;\n    js.src = \"\/\/connect.facebook.net\/az_AZ\/all.js#xfbml=1&appId=1002485763137712\";\n    fjs.parentNode.insertBefore(js, fjs);\n}(document, 'script', 'facebook-jssdk'));                \n});<\/script><\/p>\n","protected":false},"excerpt":{"rendered":"<p>&#13; &#13; \u201cQ\u0259zza zola\u011f\u0131nda \u0259m\u0259liyyat \u00fc\u00e7 aya q\u0259d\u0259r \u00e7\u0259k\u0259 bil\u0259r\u201d. Millinews.az x\u0259b\u0259r verir ki, bunu \u0130srailin m\u00fcdafi\u0259 naziri Yoav Qalant deyib. &#13; O qeyd edib ki, yer\u00fcst\u00fc \u0259m\u0259liyyat n\u0259tic\u0259sind\u0259 \u201cH\u018fMAS\u201d h\u0259r\u0259kat\u0131 m\u0259hv edilm\u0259lidir: \u201cBu, Q\u0259zzada son yer\u00fcst\u00fc \u0259m\u0259liyyat olmal\u0131d\u0131r, ona g\u00f6r\u0259 ki, daha \u201cH\u018fMAS\u201d olmayacaq. Bir ay, iki, \u00fc\u00e7 ay \u00e7\u0259k\u0259c\u0259k, amma sonda \u201cH\u018fMAS\u201d olmayacaq\u201d.&#13; &hellip;<\/p>\n","protected":false},"author":1,"featured_media":4099,"comment_status":"open","ping_status":"closed","sticky":false,"template":"","format":"standard","meta":{"footnotes":""},"categories":[9],"tags":[],"class_list":["post-4098","post","type-post","status-publish","format-standard","has-post-thumbnail","hentry","category-xeber"],"_links":{"self":[{"href":"https:\/\/millitv.net\/index.php?rest_route=\/wp\/v2\/posts\/4098","targetHints":{"allow":["GET"]}}],"collection":[{"href":"https:\/\/millitv.net\/index.php?rest_route=\/wp\/v2\/posts"}],"about":[{"href":"https:\/\/millitv.net\/index.php?rest_route=\/wp\/v2\/types\/post"}],"author":[{"embeddable":true,"href":"https:\/\/millitv.net\/index.php?rest_route=\/wp\/v2\/users\/1"}],"replies":[{"embeddable":true,"href":"https:\/\/millitv.net\/index.php?rest_route=%2Fwp%2Fv2%2Fcomments&post=4098"}],"version-history":[{"count":0,"href":"https:\/\/millitv.net\/index.php?rest_route=\/wp\/v2\/posts\/4098\/revisions"}],"wp:featuredmedia":[{"embeddable":true,"href":"https:\/\/millitv.net\/index.php?rest_route=\/wp\/v2\/media\/4099"}],"wp:attachment":[{"href":"https:\/\/millitv.net\/index.php?rest_route=%2Fwp%2Fv2%2Fmedia&parent=4098"}],"wp:term":[{"taxonomy":"category","embeddable":true,"href":"https:\/\/millitv.net\/index.php?rest_route=%2Fwp%2Fv2%2Fcategories&post=4098"},{"taxonomy":"post_tag","embeddable":true,"href":"https:\/\/millitv.net\/index.php?rest_route=%2Fwp%2Fv2%2Ftags&post=4098"}],"curies":[{"name":"wp","href":"https:\/\/api.w.org\/{rel}","templated":true}]}}