{"id":4094,"date":"2023-10-22T19:27:09","date_gmt":"2023-10-22T19:27:09","guid":{"rendered":"https:\/\/millinews.az\/xeber\/gurcustan-tehranda-keciril%C9%99c%C9%99k-gorusd%C9%99-istirak-etm%C9%99y%C9%99c%C9%99k\/"},"modified":"2023-10-22T19:27:09","modified_gmt":"2023-10-22T19:27:09","slug":"gurcustan-tehranda-keciril%C9%99c%C9%99k-gorusd%C9%99-istirak-etm%C9%99y%C9%99c%C9%99k","status":"publish","type":"post","link":"https:\/\/millitv.net\/?p=4094","title":{"rendered":"G\u00fcrc\u00fcstan Tehranda ke\u00e7iril\u0259c\u0259k g\u00f6r\u00fc\u015fd\u0259 i\u015ftirak etm\u0259y\u0259c\u0259k"},"content":{"rendered":"<p><img decoding=\"async\" src=\"https:\/\/Millinews.az\/storage\/2023\/10\/22\/gurcustan.jpg\" alt=\"\" title=\"\"><\/p>\n<div id=\"mvp-content-main\">\n<p><strong>G\u00fcrc\u00fcstan oktyabr\u0131n 23-d\u0259 Tehranda \u201c3+3\u201d regional format\u0131 (Az\u0259rbaycan, Erm\u0259nistan, G\u00fcrc\u00fcstan, \u0130ran, Rusiya, T\u00fcrkiy\u0259) \u00e7\u0259r\u00e7iv\u0259sind\u0259 ke\u00e7iril\u0259c\u0259k g\u00f6r\u00fc\u015fd\u0259 i\u015ftirak etm\u0259y\u0259c\u0259k.<\/strong><\/p>\n<p><strong><a target=\"_blank\" href=\"https:\/\/Millinews.az\" rel=\"noopener\">Millinews.az<\/a> <\/strong>x\u0259b\u0259r verir ki, bu bar\u0259d\u0259 G\u00fcrc\u00fcstan Xarici \u0130\u015fl\u0259r Nazirliyi m\u0259lumat yay\u0131b.<\/p>\n<p>Nazirlik xat\u0131rlad\u0131b ki, G\u00fcrc\u00fcstan he\u00e7 vaxt bu formatda g\u00f6r\u00fc\u015fl\u0259rd\u0259 i\u015ftirak etm\u0259yib.<\/p>\n<p>Qeyd ed\u0259k ki, ilk d\u0259f\u0259 \u201c3+3\u201d format\u0131nda g\u00f6r\u00fc\u015f \u00f6t\u0259n il G\u00fcrc\u00fcstan\u0131n i\u015ftirak\u0131 olmadan Moskvada ba\u015f tutub.<\/p>\n<p>Sabah \u0130ran\u0131n paytaxt\u0131 Tehranda xarici i\u015fl\u0259r nazirl\u0259rinin i\u015ftirak\u0131 il\u0259 ke\u00e7iril\u0259c\u0259k g\u00f6r\u00fc\u015fd\u0259 is\u0259 siyasi, iqtisadi, t\u0259hl\u00fck\u0259sizlik, n\u0259qliyyat, enerji sah\u0259l\u0259rind\u0259 regional \u0259m\u0259kda\u015fl\u0131q m\u0259s\u0259l\u0259l\u0259ri m\u00fczakir\u0259 edil\u0259c\u0259k.<\/p>\n<\/p><\/div>\n<p><script>\n        (function (d, s, id) {\n            var js, fjs = d.getElementsByTagName(s)[0];\n            if (d.getElementById(id)) return;\n            js = d.createElement(s);\n            js.id = id;\n            js.src = \"\/\/connect.facebook.net\/az_AZ\/sdk.js#xfbml=1&version=v2.7&appId=\";\n            fjs.parentNode.insertBefore(js, fjs);\n        }(document, 'script', 'facebook-jssdk'));\n    <\/script><\/p>\n","protected":false},"excerpt":{"rendered":"<p>G\u00fcrc\u00fcstan oktyabr\u0131n 23-d\u0259 Tehranda \u201c3+3\u201d regional format\u0131 (Az\u0259rbaycan, Erm\u0259nistan, G\u00fcrc\u00fcstan, \u0130ran, Rusiya, T\u00fcrkiy\u0259) \u00e7\u0259r\u00e7iv\u0259sind\u0259 ke\u00e7iril\u0259c\u0259k g\u00f6r\u00fc\u015fd\u0259 i\u015ftirak etm\u0259y\u0259c\u0259k. Millinews.az x\u0259b\u0259r verir ki, bu bar\u0259d\u0259 G\u00fcrc\u00fcstan Xarici \u0130\u015fl\u0259r Nazirliyi m\u0259lumat yay\u0131b. Nazirlik xat\u0131rlad\u0131b ki, G\u00fcrc\u00fcstan he\u00e7 vaxt bu formatda g\u00f6r\u00fc\u015fl\u0259rd\u0259 i\u015ftirak etm\u0259yib. Qeyd ed\u0259k ki, ilk d\u0259f\u0259 \u201c3+3\u201d format\u0131nda g\u00f6r\u00fc\u015f \u00f6t\u0259n il G\u00fcrc\u00fcstan\u0131n i\u015ftirak\u0131 olmadan Moskvada &hellip;<\/p>\n","protected":false},"author":1,"featured_media":4095,"comment_status":"open","ping_status":"closed","sticky":false,"template":"","format":"standard","meta":{"footnotes":""},"categories":[9],"tags":[],"class_list":["post-4094","post","type-post","status-publish","format-standard","has-post-thumbnail","hentry","category-xeber"],"_links":{"self":[{"href":"https:\/\/millitv.net\/index.php?rest_route=\/wp\/v2\/posts\/4094","targetHints":{"allow":["GET"]}}],"collection":[{"href":"https:\/\/millitv.net\/index.php?rest_route=\/wp\/v2\/posts"}],"about":[{"href":"https:\/\/millitv.net\/index.php?rest_route=\/wp\/v2\/types\/post"}],"author":[{"embeddable":true,"href":"https:\/\/millitv.net\/index.php?rest_route=\/wp\/v2\/users\/1"}],"replies":[{"embeddable":true,"href":"https:\/\/millitv.net\/index.php?rest_route=%2Fwp%2Fv2%2Fcomments&post=4094"}],"version-history":[{"count":0,"href":"https:\/\/millitv.net\/index.php?rest_route=\/wp\/v2\/posts\/4094\/revisions"}],"wp:featuredmedia":[{"embeddable":true,"href":"https:\/\/millitv.net\/index.php?rest_route=\/wp\/v2\/media\/4095"}],"wp:attachment":[{"href":"https:\/\/millitv.net\/index.php?rest_route=%2Fwp%2Fv2%2Fmedia&parent=4094"}],"wp:term":[{"taxonomy":"category","embeddable":true,"href":"https:\/\/millitv.net\/index.php?rest_route=%2Fwp%2Fv2%2Fcategories&post=4094"},{"taxonomy":"post_tag","embeddable":true,"href":"https:\/\/millitv.net\/index.php?rest_route=%2Fwp%2Fv2%2Ftags&post=4094"}],"curies":[{"name":"wp","href":"https:\/\/api.w.org\/{rel}","templated":true}]}}