{"id":4076,"date":"2023-10-22T18:07:14","date_gmt":"2023-10-22T18:07:14","guid":{"rendered":"https:\/\/millinews.az\/xeber\/balayar-sadiq-kuc%C9%99d%C9%99-husunu-itirdi\/"},"modified":"2023-10-22T18:07:14","modified_gmt":"2023-10-22T18:07:14","slug":"balayar-sadiq-kuc%C9%99d%C9%99-husunu-itirdi","status":"publish","type":"post","link":"https:\/\/millitv.net\/?p=4076","title":{"rendered":"Balayar Sadiq k\u00fc\u00e7\u0259d\u0259 hu\u015funu itirdi"},"content":{"rendered":"<div id=\"maincontent\">&#13;<br \/>\n        &#13;<\/p>\n<p><strong>Az\u0259rbaycan Yaz\u0131\u00e7\u0131lar Birliyinin \u00fczv\u00fc, tan\u0131nm\u0131\u015f \u015fair, publisist Balayar Sadiq x\u0259st\u0259xanaya yerl\u0259\u015fdirilib.<\/strong><\/p>\n<p><a href=\"https:\/\/Millinews.az\" target=\"_blank\" class=\"kw-link\" rel=\"noopener\">Millinews.az<\/a> x\u0259b\u0259r verir ki, bu bar\u0259d\u0259 iqtisadiyyat.az-a a\u00e7\u0131qlamas\u0131nda \u015fair Q\u0259\u015f\u0259m N\u0259c\u0259fzad\u0259 m\u0259lumat verib. &#13;\n<\/p>\n<p>O bildirib ki, bu g\u00fcn \u201c28 May\u201d metrosunun yax\u0131nl\u0131\u011f\u0131nda onunla t\u0259sad\u00fcf\u0259n rastla\u015f\u0131b v\u0259 hal-\u0259hval tutublar.<\/p>\n<p>B.Sadiq Q.N\u0259c\u0259fzad\u0259 il\u0259 sa\u011folla\u015f\u0131b bir ne\u00e7\u0259 metr ir\u0259lil\u0259dikd\u0259n sonra hu\u015funu itir\u0259r\u0259k yer\u0259 y\u0131x\u0131l\u0131b. \u018ftrafdak\u0131 insanlar onun k\u00f6m\u0259yin\u0259 g\u0259ls\u0259l\u0259r d\u0259, \u015fairin hu\u015funun \u00f6z\u00fcn\u0259 g\u0259lm\u0259diyi m\u0259lum olub.<\/p>\n<p>Nitqini itirdiyi bildiril\u0259n \u015fair hadis\u0259 yerin\u0259 \u00e7a\u011f\u0131r\u0131lm\u0131\u015f t\u0259cili yard\u0131m avtomobili il\u0259 x\u0259st\u0259xanaya apar\u0131l\u0131b.<\/p>\n<p>Qeyd ed\u0259k ki, B.Sadiq 1965-ci ild\u0259 Lerik rayonunda anadan olub.&#13;<br \/>\n        &#13;<br \/>\n&#13;<br \/>\n        &#13;<br \/>\n&#13;\n        <\/p>\n<p><noscript><\/p>\n<p>You must enable Javascript on your browser for the site to work optimally and display sections completely.<\/p>\n<p><\/noscript>\t\t&#13;<br \/>\n\t\t&#13;\n    <\/div>\n<p><script type=\"text\/javascript\">jQuery(document).ready(function () {\n(function(d, s, id) {\n    var js, fjs = d.getElementsByTagName(s)[0];\n    if (d.getElementById(id))\n        return;\n    js = d.createElement(s);\n    js.id = id;\n    js.src = \"\/\/connect.facebook.net\/az_AZ\/all.js#xfbml=1&appId=1002485763137712\";\n    fjs.parentNode.insertBefore(js, fjs);\n}(document, 'script', 'facebook-jssdk'));                \n});<\/script><\/p>\n","protected":false},"excerpt":{"rendered":"<p>&#13; &#13; Az\u0259rbaycan Yaz\u0131\u00e7\u0131lar Birliyinin \u00fczv\u00fc, tan\u0131nm\u0131\u015f \u015fair, publisist Balayar Sadiq x\u0259st\u0259xanaya yerl\u0259\u015fdirilib. Millinews.az x\u0259b\u0259r verir ki, bu bar\u0259d\u0259 iqtisadiyyat.az-a a\u00e7\u0131qlamas\u0131nda \u015fair Q\u0259\u015f\u0259m N\u0259c\u0259fzad\u0259 m\u0259lumat verib. &#13; O bildirib ki, bu g\u00fcn \u201c28 May\u201d metrosunun yax\u0131nl\u0131\u011f\u0131nda onunla t\u0259sad\u00fcf\u0259n rastla\u015f\u0131b v\u0259 hal-\u0259hval tutublar. B.Sadiq Q.N\u0259c\u0259fzad\u0259 il\u0259 sa\u011folla\u015f\u0131b bir ne\u00e7\u0259 metr ir\u0259lil\u0259dikd\u0259n sonra hu\u015funu itir\u0259r\u0259k yer\u0259 y\u0131x\u0131l\u0131b. &hellip;<\/p>\n","protected":false},"author":1,"featured_media":4077,"comment_status":"open","ping_status":"closed","sticky":false,"template":"","format":"standard","meta":{"footnotes":""},"categories":[9],"tags":[],"class_list":["post-4076","post","type-post","status-publish","format-standard","has-post-thumbnail","hentry","category-xeber"],"_links":{"self":[{"href":"https:\/\/millitv.net\/index.php?rest_route=\/wp\/v2\/posts\/4076","targetHints":{"allow":["GET"]}}],"collection":[{"href":"https:\/\/millitv.net\/index.php?rest_route=\/wp\/v2\/posts"}],"about":[{"href":"https:\/\/millitv.net\/index.php?rest_route=\/wp\/v2\/types\/post"}],"author":[{"embeddable":true,"href":"https:\/\/millitv.net\/index.php?rest_route=\/wp\/v2\/users\/1"}],"replies":[{"embeddable":true,"href":"https:\/\/millitv.net\/index.php?rest_route=%2Fwp%2Fv2%2Fcomments&post=4076"}],"version-history":[{"count":0,"href":"https:\/\/millitv.net\/index.php?rest_route=\/wp\/v2\/posts\/4076\/revisions"}],"wp:featuredmedia":[{"embeddable":true,"href":"https:\/\/millitv.net\/index.php?rest_route=\/wp\/v2\/media\/4077"}],"wp:attachment":[{"href":"https:\/\/millitv.net\/index.php?rest_route=%2Fwp%2Fv2%2Fmedia&parent=4076"}],"wp:term":[{"taxonomy":"category","embeddable":true,"href":"https:\/\/millitv.net\/index.php?rest_route=%2Fwp%2Fv2%2Fcategories&post=4076"},{"taxonomy":"post_tag","embeddable":true,"href":"https:\/\/millitv.net\/index.php?rest_route=%2Fwp%2Fv2%2Ftags&post=4076"}],"curies":[{"name":"wp","href":"https:\/\/api.w.org\/{rel}","templated":true}]}}