{"id":4062,"date":"2023-10-22T17:08:58","date_gmt":"2023-10-22T17:08:58","guid":{"rendered":"https:\/\/millinews.az\/xeber\/gurcustanda-din-xadiml%C9%99ri-il%C9%99-bagli-qerar-verildi\/"},"modified":"2023-10-22T17:08:58","modified_gmt":"2023-10-22T17:08:58","slug":"gurcustanda-din-xadiml%C9%99ri-il%C9%99-bagli-qerar-verildi","status":"publish","type":"post","link":"https:\/\/millitv.net\/?p=4062","title":{"rendered":"G\u00fcrc\u00fcstanda din xadiml\u0259ri il\u0259 ba\u011fl\u0131 Q\u018fRAR VER\u0130LD\u0130"},"content":{"rendered":"<p><img decoding=\"async\" src=\"https:\/\/Millinews.az\/storage\/2023\/09\/15\/gurcustan.jpg\" alt=\"\" title=\"\"><\/p>\n<div id=\"mvp-content-main\">\n<p><strong>G\u00fcrc\u00fcstanda provaslav din xadiml\u0259ri istisna olmaqla, dig\u0259r dinl\u0259r\u0259 v\u0259 dini kastalara ibad\u0259t ed\u0259n din xadiml\u0259ri h\u0259qiqi h\u0259rbi xidm\u0259t\u0259 \u00e7a\u011f\u0131r\u0131lacaqlar.<\/strong><\/p>\n<p><strong><a target=\"_blank\" href=\"https:\/\/Millinews.az\" rel=\"noopener\">Millinews.az<\/a> <\/strong>x\u0259b\u0259r verir ki, bu m\u0259s\u0259l\u0259 G\u00fcrc\u00fcstan Parlamentnin q\u0259bul etdiyi yeni M\u00fcdafi\u0259 M\u0259c\u0259ll\u0259sind\u0259 \u0259ksinin tap\u0131b.<\/p>\n<p>Parlamentd\u0259 ke\u00e7iril\u0259n g\u0259rgin v\u0259 uzun s\u00fcr\u0259n m\u00fczakir\u0259l\u0259rd\u0259n sonra yeni M\u00fcdafi\u0259 M\u0259c\u0259ll\u0259sinin layih\u0259si \u00fc\u00e7\u00fcnc\u00fc oxunu\u015fda 80 s\u0259sl\u0259 q\u0259bul olunub.<\/p>\n<p>G\u00fcrc\u00fcstan\u0131n b\u00fct\u00fcn m\u00fcdafi\u0259 sah\u0259l\u0259rini \u0259hat\u0259 ed\u0259c\u0259k s\u0259n\u0259dd\u0259 \u00e7a\u011f\u0131r\u0131\u015f\u00e7\u0131lar\u0131n h\u0259rbi xidm\u0259ti yeni qaydada t\u0259\u015fkil olunacaq. S\u0259n\u0259d\u0259 \u0259sas\u0259n, \u00e7a\u011f\u0131r\u0131\u015f\u00e7\u0131lar 6, 8 v\u0259 11 ayl\u0131q h\u0259qiqi h\u0259rbi xidm\u0259t\u0259 c\u0259lb edil\u0259c\u0259kl\u0259r.<\/p>\n<p>Qanun layih\u0259sin\u0259 \u0259sas\u0259n, din xadiml\u0259ri d\u0259 h\u0259qiqi h\u0259rbi xidm\u0259t\u0259 c\u0259lb olunacaqlar. S\u0259n\u0259dd\u0259 deyilir ki, pravoslav din xadiml\u0259ri istisna olmaqla, b\u00fct\u00fcn dig\u0259r dini icmalar\u0131n n\u00fcmay\u0259nd\u0259l\u0259ri m\u0259cburi h\u0259rbi xidm\u0259t\u0259 \u00e7a\u011f\u0131r\u0131lacaq.<\/p>\n<p>Bundan \u0259lav\u0259, \u201cQir\u00e7i\u201d siyasi partiyas\u0131n\u0131n t\u0259sis etdiyi \u201c\u0130ncil azadl\u0131\u011f\u0131\u201dn\u0131n t\u0259r\u0259fdarlar\u0131 da h\u0259rbi xidm\u0259td\u0259n yay\u0131na bilm\u0259y\u0259c\u0259kl\u0259r.<\/p>\n<p>M\u0259cburi h\u0259rbi xidm\u0259tin bir il m\u00fcdd\u0259tin\u0259 t\u0259xir\u0259 sal\u0131nmas\u0131 \u00fc\u00e7\u00fcn \u00e7a\u011f\u0131r\u0131\u015f\u00e7\u0131 d\u00f6vl\u0259t\u0259 5 min lari v\u0259sait \u00f6d\u0259y\u0259c\u0259k.<\/p>\n<p>Qeyd ed\u0259k ki, hakim &#8220;G\u00fcrc\u00fc Arzusu-Demokratik G\u00fcrc\u00fcstan&#8221; partiyas\u0131 qanun layih\u0259sini 2022-ci ilin dekabr\u0131nda parlament\u0259 t\u0259qdim edib.<\/p>\n<p>Bu t\u0259\u015f\u0259bb\u00fcs c\u0259miyy\u0259td\u0259 naraz\u0131l\u0131\u011fa s\u0259b\u0259b olub, h\u0259tta qanuna qar\u015f\u0131 etiraz aksiyalar\u0131 da ke\u00e7irilib.<\/p>\n<\/p><\/div>\n<p><script>\n        (function (d, s, id) {\n            var js, fjs = d.getElementsByTagName(s)[0];\n            if (d.getElementById(id)) return;\n            js = d.createElement(s);\n            js.id = id;\n            js.src = \"\/\/connect.facebook.net\/az_AZ\/sdk.js#xfbml=1&version=v2.7&appId=\";\n            fjs.parentNode.insertBefore(js, fjs);\n        }(document, 'script', 'facebook-jssdk'));\n    <\/script><\/p>\n","protected":false},"excerpt":{"rendered":"<p>G\u00fcrc\u00fcstanda provaslav din xadiml\u0259ri istisna olmaqla, dig\u0259r dinl\u0259r\u0259 v\u0259 dini kastalara ibad\u0259t ed\u0259n din xadiml\u0259ri h\u0259qiqi h\u0259rbi xidm\u0259t\u0259 \u00e7a\u011f\u0131r\u0131lacaqlar. Millinews.az x\u0259b\u0259r verir ki, bu m\u0259s\u0259l\u0259 G\u00fcrc\u00fcstan Parlamentnin q\u0259bul etdiyi yeni M\u00fcdafi\u0259 M\u0259c\u0259ll\u0259sind\u0259 \u0259ksinin tap\u0131b. Parlamentd\u0259 ke\u00e7iril\u0259n g\u0259rgin v\u0259 uzun s\u00fcr\u0259n m\u00fczakir\u0259l\u0259rd\u0259n sonra yeni M\u00fcdafi\u0259 M\u0259c\u0259ll\u0259sinin layih\u0259si \u00fc\u00e7\u00fcnc\u00fc oxunu\u015fda 80 s\u0259sl\u0259 q\u0259bul olunub. G\u00fcrc\u00fcstan\u0131n b\u00fct\u00fcn m\u00fcdafi\u0259 &hellip;<\/p>\n","protected":false},"author":1,"featured_media":4063,"comment_status":"open","ping_status":"closed","sticky":false,"template":"","format":"standard","meta":{"footnotes":""},"categories":[9],"tags":[],"class_list":["post-4062","post","type-post","status-publish","format-standard","has-post-thumbnail","hentry","category-xeber"],"_links":{"self":[{"href":"https:\/\/millitv.net\/index.php?rest_route=\/wp\/v2\/posts\/4062","targetHints":{"allow":["GET"]}}],"collection":[{"href":"https:\/\/millitv.net\/index.php?rest_route=\/wp\/v2\/posts"}],"about":[{"href":"https:\/\/millitv.net\/index.php?rest_route=\/wp\/v2\/types\/post"}],"author":[{"embeddable":true,"href":"https:\/\/millitv.net\/index.php?rest_route=\/wp\/v2\/users\/1"}],"replies":[{"embeddable":true,"href":"https:\/\/millitv.net\/index.php?rest_route=%2Fwp%2Fv2%2Fcomments&post=4062"}],"version-history":[{"count":0,"href":"https:\/\/millitv.net\/index.php?rest_route=\/wp\/v2\/posts\/4062\/revisions"}],"wp:featuredmedia":[{"embeddable":true,"href":"https:\/\/millitv.net\/index.php?rest_route=\/wp\/v2\/media\/4063"}],"wp:attachment":[{"href":"https:\/\/millitv.net\/index.php?rest_route=%2Fwp%2Fv2%2Fmedia&parent=4062"}],"wp:term":[{"taxonomy":"category","embeddable":true,"href":"https:\/\/millitv.net\/index.php?rest_route=%2Fwp%2Fv2%2Fcategories&post=4062"},{"taxonomy":"post_tag","embeddable":true,"href":"https:\/\/millitv.net\/index.php?rest_route=%2Fwp%2Fv2%2Ftags&post=4062"}],"curies":[{"name":"wp","href":"https:\/\/api.w.org\/{rel}","templated":true}]}}