{"id":4030,"date":"2023-10-22T13:19:56","date_gmt":"2023-10-22T13:19:56","guid":{"rendered":"https:\/\/millinews.az\/xeber\/bu-s%C9%99xsl%C9%99rin-isi-asanlasacaq-qanun-d%C9%99yisdi-faizl%C9%99r-azaldilir\/"},"modified":"2023-10-22T13:19:56","modified_gmt":"2023-10-22T13:19:56","slug":"bu-s%C9%99xsl%C9%99rin-isi-asanlasacaq-qanun-d%C9%99yisdi-faizl%C9%99r-azaldilir","status":"publish","type":"post","link":"https:\/\/millitv.net\/?p=4030","title":{"rendered":"Bu \u015f\u0259xsl\u0259rin i\u015fi asanla\u015facaq &#8211; Qanun d\u0259yi\u015fdi, faizl\u0259r azald\u0131l\u0131r"},"content":{"rendered":"<div id=\"maincontent\">&#13;<br \/>\n        &#13;<\/p>\n<p><strong>Bankdan kredit g\u00f6t\u00fcr\u0259rk\u0259n \u0259mlak\u0131n qiym\u0259tl\u0259ndirilm\u0259si daha d\u0259qiq apar\u0131lacaq.<\/strong><\/p>\n<p>&#8221;Qiym\u0259tl\u0259ndirm\u0259 f\u0259aliyy\u0259ti haqq\u0131nda&#8221; yeni qanun layih\u0259si v\u0259t\u0259nda\u015flara eyni \u0259mlak\u0131 girov qoymaqla banklardan daha b\u00f6y\u00fck m\u0259bl\u0259\u011fd\u0259 kredit g\u00f6t\u00fcrm\u0259k imkan\u0131 ver\u0259c\u0259k. &#13;\n<\/p>\n<p>Bunu deputat V\u00fcqar Bayramov deyib. Onun s\u00f6zl\u0259rin\u0259 g\u00f6r\u0259, yeni qanun layih\u0259si \u0259mlak\u0131n daha d\u0259qiq, \u00f6l\u00e7\u00fcl\u0259 bil\u0259n v\u0259 b\u0259lli meyarlar \u0259sas\u0131nda qiym\u0259tl\u0259ndirilm\u0259sin\u0259 imkan yaradacaq.<\/p>\n<p>\u0130qtisad\u00e7\u0131 ekspert Xalid K\u0259rimli d\u0259 hesab edir ki, yeni qanun layih\u0259si v\u0259t\u0259nda\u015flar\u0131n daha y\u00fcks\u0259k m\u0259bl\u0259\u011fd\u0259 kredit g\u00f6t\u00fcrm\u0259sin\u0259 imkan yaradacaq. Bu da sahibkarlar v\u0259 biznes sah\u0259sind\u0259 \u00e7al\u0131\u015fanlar\u0131n i\u015fini xeyli asanla\u015fd\u0131racaq.<\/p>\n<p>Mill\u0259t v\u0259kili V\u00fcqar Bayramov deyir ki, yeni qanunun q\u0259bulundan sonra banklardan kredit g\u00f6t\u00fcrm\u0259k imkanlar\u0131n\u0131n geni\u015fl\u0259nm\u0259si il\u0259 yana\u015f\u0131, faizl\u0259rin d\u0259 en\u0259c\u0259yi g\u00f6zl\u0259nir.<\/p>\n<p>Qanun layih\u0259si Milli M\u0259clisin plenar iclas\u0131nda birinci oxunu\u015fda q\u0259bul edilib. Bu qanun \u0259mlak\u0131n qiym\u0259tl\u0259ndirilm\u0259si f\u0259aliyy\u0259tinin \u00fcmumi prinsipl\u0259rini m\u00fc\u0259yy\u0259n edir, habel\u0259 bununla ba\u011fl\u0131 yaranan t\u0259\u015fkilati, iqtisadi v\u0259 h\u00fcquqi m\u00fcnasib\u0259tl\u0259ri t\u0259nziml\u0259yir.<\/p>\n<p><em>M\u00f6vzu il\u0259 ba\u011fl\u0131 daha \u0259trafl\u0131 videomaterial\u0131 t\u0259qdim edirik:<\/em><\/p>\n<p><iframe loading=\"lazy\" title=\"Banklarda \u0259mlak\u0131n qiym\u0259tl\u0259ndirilm\u0259sind\u0259 YEN\u0130L\u0130K\" width=\"500\" height=\"281\" src=\"https:\/\/www.youtube.com\/embed\/ZA8-K7_LU78?feature=oembed\" frameborder=\"0\" allow=\"accelerometer; autoplay; clipboard-write; encrypted-media; gyroscope; picture-in-picture; web-share\" referrerpolicy=\"strict-origin-when-cross-origin\" allowfullscreen><\/iframe>&#13;<br \/>\n        &#13;<br \/>\n&#13;<br \/>\n        &#13;<br \/>\n&#13;\n        <\/p>\n<p><noscript><\/p>\n<p>You must enable Javascript on your browser for the site to work optimally and display sections completely.<\/p>\n<p><\/noscript>\t\t&#13;<br \/>\n\t\t&#13;\n    <\/div>\n<p><script type=\"text\/javascript\">jQuery(document).ready(function () {\n(function(d, s, id) {\n    var js, fjs = d.getElementsByTagName(s)[0];\n    if (d.getElementById(id))\n        return;\n    js = d.createElement(s);\n    js.id = id;\n    js.src = \"\/\/connect.facebook.net\/az_AZ\/all.js#xfbml=1&appId=1002485763137712\";\n    fjs.parentNode.insertBefore(js, fjs);\n}(document, 'script', 'facebook-jssdk'));                \n});<\/script><\/p>\n","protected":false},"excerpt":{"rendered":"<p>&#13; &#13; Bankdan kredit g\u00f6t\u00fcr\u0259rk\u0259n \u0259mlak\u0131n qiym\u0259tl\u0259ndirilm\u0259si daha d\u0259qiq apar\u0131lacaq. &#8221;Qiym\u0259tl\u0259ndirm\u0259 f\u0259aliyy\u0259ti haqq\u0131nda&#8221; yeni qanun layih\u0259si v\u0259t\u0259nda\u015flara eyni \u0259mlak\u0131 girov qoymaqla banklardan daha b\u00f6y\u00fck m\u0259bl\u0259\u011fd\u0259 kredit g\u00f6t\u00fcrm\u0259k imkan\u0131 ver\u0259c\u0259k. &#13; Bunu deputat V\u00fcqar Bayramov deyib. Onun s\u00f6zl\u0259rin\u0259 g\u00f6r\u0259, yeni qanun layih\u0259si \u0259mlak\u0131n daha d\u0259qiq, \u00f6l\u00e7\u00fcl\u0259 bil\u0259n v\u0259 b\u0259lli meyarlar \u0259sas\u0131nda qiym\u0259tl\u0259ndirilm\u0259sin\u0259 imkan yaradacaq. \u0130qtisad\u00e7\u0131 ekspert &hellip;<\/p>\n","protected":false},"author":1,"featured_media":4031,"comment_status":"open","ping_status":"closed","sticky":false,"template":"","format":"standard","meta":{"footnotes":""},"categories":[9],"tags":[],"class_list":["post-4030","post","type-post","status-publish","format-standard","has-post-thumbnail","hentry","category-xeber"],"_links":{"self":[{"href":"https:\/\/millitv.net\/index.php?rest_route=\/wp\/v2\/posts\/4030","targetHints":{"allow":["GET"]}}],"collection":[{"href":"https:\/\/millitv.net\/index.php?rest_route=\/wp\/v2\/posts"}],"about":[{"href":"https:\/\/millitv.net\/index.php?rest_route=\/wp\/v2\/types\/post"}],"author":[{"embeddable":true,"href":"https:\/\/millitv.net\/index.php?rest_route=\/wp\/v2\/users\/1"}],"replies":[{"embeddable":true,"href":"https:\/\/millitv.net\/index.php?rest_route=%2Fwp%2Fv2%2Fcomments&post=4030"}],"version-history":[{"count":0,"href":"https:\/\/millitv.net\/index.php?rest_route=\/wp\/v2\/posts\/4030\/revisions"}],"wp:featuredmedia":[{"embeddable":true,"href":"https:\/\/millitv.net\/index.php?rest_route=\/wp\/v2\/media\/4031"}],"wp:attachment":[{"href":"https:\/\/millitv.net\/index.php?rest_route=%2Fwp%2Fv2%2Fmedia&parent=4030"}],"wp:term":[{"taxonomy":"category","embeddable":true,"href":"https:\/\/millitv.net\/index.php?rest_route=%2Fwp%2Fv2%2Fcategories&post=4030"},{"taxonomy":"post_tag","embeddable":true,"href":"https:\/\/millitv.net\/index.php?rest_route=%2Fwp%2Fv2%2Ftags&post=4030"}],"curies":[{"name":"wp","href":"https:\/\/api.w.org\/{rel}","templated":true}]}}