{"id":4006,"date":"2023-10-22T11:16:30","date_gmt":"2023-10-22T11:16:30","guid":{"rendered":"https:\/\/millinews.az\/xeber\/lavrov-tehrandaki-danisiqlarda-istirak-ed%C9%99c%C9%99k\/"},"modified":"2023-10-22T11:16:30","modified_gmt":"2023-10-22T11:16:30","slug":"lavrov-tehrandaki-danisiqlarda-istirak-ed%C9%99c%C9%99k","status":"publish","type":"post","link":"https:\/\/millitv.net\/?p=4006","title":{"rendered":"Lavrov Tehrandak\u0131 dan\u0131\u015f\u0131qlarda i\u015ftirak ed\u0259c\u0259k"},"content":{"rendered":"<p><img decoding=\"async\" src=\"https:\/\/Millinews.az\/storage\/2023\/10\/22\/d2b81246-043a-375c-99a7-06504aaad9f8_850.jpg\" alt=\"\" title=\"\"><\/p>\n<div id=\"mvp-content-main\">\n<p><strong>Rusiyan\u0131n xarici i\u015fl\u0259r naziri Sergey Lavrov \u0130ran\u0131n paytaxt\u0131 Tehranda ke\u00e7irilm\u0259si planla\u015fd\u0131r\u0131lan dan\u0131\u015f\u0131qlarda i\u015ftirak ed\u0259c\u0259k.<\/strong><\/p>\n<p><strong><a target=\"_blank\" href=\"https:\/\/Millinews.az\" rel=\"noopener\">Millinews.az<\/a> <\/strong>x\u0259b\u0259r verir ki, bu bar\u0259d\u0259 Rusiya Xarici \u0130\u015fl\u0259r Nazirliyinin s\u00f6z\u00e7\u00fcs\u00fc Mariya Zaxarova bildirib.<\/p>\n<p>Bundan \u0259vv\u0259l IRNA agentliyi Az\u0259rbaycan, Erm\u0259nistan, \u0130ran, Rusiya v\u0259 T\u00fcrkiy\u0259 xarici i\u015fl\u0259r nazirl\u0259rinin oktyabr\u0131n 23-d\u0259 Tehranda \u201c3+3\u201d format\u0131nda g\u00f6r\u00fc\u015fc\u0259yi bar\u0259d\u0259 <a href=\"https:\/\/report.az\/xarici-siyaset\/kiv-tehranda-3-3-formatinda-xarici-isler-nazirlerinin-gorusu-kecirilecek\/\" target=\"_blank\" rel=\"noopener\">m\u0259lumat<\/a> yay\u0131b.<\/p>\n<p>Oktyabr\u0131n 20-d\u0259 Erm\u0259nistan xarici i\u015fl\u0259r nazirinin m\u00fcavini Vahan Kostanyan Tehrandak\u0131 g\u00f6r\u00fc\u015fd\u0259 i\u015ftirak ed\u0259c\u0259yini b\u0259yan edib.<\/p>\n<p>Xarici i\u015fl\u0259r nazirl\u0259ri s\u0259viyy\u0259sind\u0259 ke\u00e7iril\u0259c\u0259k iclasda C\u0259nubi Qafqaz \u00fczr\u0259 m\u0259s\u0259l\u0259l\u0259rin ara\u015fd\u0131r\u0131lmas\u0131, regional \u0259m\u0259kda\u015fl\u0131\u011f\u0131n (siyasi, iqtisadi, t\u0259hl\u00fck\u0259sizlik, tranzit, enerji v\u0259 sair\u0259) inki\u015faf etdirilm\u0259si, Az\u0259rbaycan v\u0259 Erm\u0259nistan aras\u0131nda s\u00fclh dan\u0131\u015f\u0131qlar\u0131 m\u00fczakir\u0259 edil\u0259c\u0259k.<\/p>\n<p>Qeyd ed\u0259k ki, \u201c3+3\u201d format\u0131nda ilk iclas \u00f6t\u0259n il G\u00fcrc\u00fcstan\u0131n i\u015ftirak\u0131 olmadan xarici i\u015fl\u0259r nazirl\u0259rinin m\u00fcavinl\u0259ri s\u0259viyy\u0259sind\u0259 Moskvada ke\u00e7irilib.<\/p>\n<\/p><\/div>\n<p><script>\n        (function (d, s, id) {\n            var js, fjs = d.getElementsByTagName(s)[0];\n            if (d.getElementById(id)) return;\n            js = d.createElement(s);\n            js.id = id;\n            js.src = \"\/\/connect.facebook.net\/az_AZ\/sdk.js#xfbml=1&version=v2.7&appId=\";\n            fjs.parentNode.insertBefore(js, fjs);\n        }(document, 'script', 'facebook-jssdk'));\n    <\/script><\/p>\n","protected":false},"excerpt":{"rendered":"<p>Rusiyan\u0131n xarici i\u015fl\u0259r naziri Sergey Lavrov \u0130ran\u0131n paytaxt\u0131 Tehranda ke\u00e7irilm\u0259si planla\u015fd\u0131r\u0131lan dan\u0131\u015f\u0131qlarda i\u015ftirak ed\u0259c\u0259k. Millinews.az x\u0259b\u0259r verir ki, bu bar\u0259d\u0259 Rusiya Xarici \u0130\u015fl\u0259r Nazirliyinin s\u00f6z\u00e7\u00fcs\u00fc Mariya Zaxarova bildirib. Bundan \u0259vv\u0259l IRNA agentliyi Az\u0259rbaycan, Erm\u0259nistan, \u0130ran, Rusiya v\u0259 T\u00fcrkiy\u0259 xarici i\u015fl\u0259r nazirl\u0259rinin oktyabr\u0131n 23-d\u0259 Tehranda \u201c3+3\u201d format\u0131nda g\u00f6r\u00fc\u015fc\u0259yi bar\u0259d\u0259 m\u0259lumat yay\u0131b. Oktyabr\u0131n 20-d\u0259 Erm\u0259nistan xarici i\u015fl\u0259r &hellip;<\/p>\n","protected":false},"author":1,"featured_media":4007,"comment_status":"open","ping_status":"closed","sticky":false,"template":"","format":"standard","meta":{"footnotes":""},"categories":[9],"tags":[],"class_list":["post-4006","post","type-post","status-publish","format-standard","has-post-thumbnail","hentry","category-xeber"],"_links":{"self":[{"href":"https:\/\/millitv.net\/index.php?rest_route=\/wp\/v2\/posts\/4006","targetHints":{"allow":["GET"]}}],"collection":[{"href":"https:\/\/millitv.net\/index.php?rest_route=\/wp\/v2\/posts"}],"about":[{"href":"https:\/\/millitv.net\/index.php?rest_route=\/wp\/v2\/types\/post"}],"author":[{"embeddable":true,"href":"https:\/\/millitv.net\/index.php?rest_route=\/wp\/v2\/users\/1"}],"replies":[{"embeddable":true,"href":"https:\/\/millitv.net\/index.php?rest_route=%2Fwp%2Fv2%2Fcomments&post=4006"}],"version-history":[{"count":0,"href":"https:\/\/millitv.net\/index.php?rest_route=\/wp\/v2\/posts\/4006\/revisions"}],"wp:featuredmedia":[{"embeddable":true,"href":"https:\/\/millitv.net\/index.php?rest_route=\/wp\/v2\/media\/4007"}],"wp:attachment":[{"href":"https:\/\/millitv.net\/index.php?rest_route=%2Fwp%2Fv2%2Fmedia&parent=4006"}],"wp:term":[{"taxonomy":"category","embeddable":true,"href":"https:\/\/millitv.net\/index.php?rest_route=%2Fwp%2Fv2%2Fcategories&post=4006"},{"taxonomy":"post_tag","embeddable":true,"href":"https:\/\/millitv.net\/index.php?rest_route=%2Fwp%2Fv2%2Ftags&post=4006"}],"curies":[{"name":"wp","href":"https:\/\/api.w.org\/{rel}","templated":true}]}}