{"id":3976,"date":"2023-10-22T08:22:10","date_gmt":"2023-10-22T08:22:10","guid":{"rendered":"https:\/\/millinews.az\/xeber\/turkiy%C9%99-ordusu-5-terrorcunu-mehv-etdi\/"},"modified":"2023-10-22T08:22:10","modified_gmt":"2023-10-22T08:22:10","slug":"turkiy%C9%99-ordusu-5-terrorcunu-mehv-etdi","status":"publish","type":"post","link":"https:\/\/millitv.net\/?p=3976","title":{"rendered":"T\u00fcrkiy\u0259 Ordusu 5 terror\u00e7unu M\u018fHV ETD\u0130"},"content":{"rendered":"<p><img decoding=\"async\" src=\"https:\/\/Millinews.az\/storage\/2023\/10\/22\/1697957630_6534c216a3fd06534c216a3fd116979563746534c216a3fce6534c216a3fcf.jpg\" alt=\"\" title=\"\"><\/p>\n<div id=\"mvp-content-main\">\n<p><strong>T\u00fcrkiy\u0259 Ordusunun \u0130raq\u0131n \u015fimal\u0131nda Qara b\u00f6lg\u0259sind\u0259 h\u0259yata ke\u00e7irdiyi antiterror \u0259m\u0259liyyat\u0131 n\u0259tic\u0259sind\u0259 2 PKK terror\u00e7usu m\u0259hv edilib.<\/strong><\/p>\n<p><strong><a target=\"_blank\" href=\"https:\/\/Millinews.az\" rel=\"noopener\">Millinews.az<\/a><\/strong>-\u0131n x\u0259b\u0259rin\u0259 g\u00f6r\u0259, bu bar\u0259d\u0259 T\u00fcrkiy\u0259 M\u00fcdafi\u0259 Nazirliyi m\u0259lumat yay\u0131b.<\/p>\n<p>Suriyan\u0131n \u015fimal\u0131nda is\u0259 3 terror\u00e7u z\u0259r\u0259rsizl\u0259\u015fdirilib.<\/p>\n<\/p><\/div>\n<p><script>\n        (function (d, s, id) {\n            var js, fjs = d.getElementsByTagName(s)[0];\n            if (d.getElementById(id)) return;\n            js = d.createElement(s);\n            js.id = id;\n            js.src = \"\/\/connect.facebook.net\/az_AZ\/sdk.js#xfbml=1&version=v2.7&appId=\";\n            fjs.parentNode.insertBefore(js, fjs);\n        }(document, 'script', 'facebook-jssdk'));\n    <\/script><\/p>\n","protected":false},"excerpt":{"rendered":"<p>T\u00fcrkiy\u0259 Ordusunun \u0130raq\u0131n \u015fimal\u0131nda Qara b\u00f6lg\u0259sind\u0259 h\u0259yata ke\u00e7irdiyi antiterror \u0259m\u0259liyyat\u0131 n\u0259tic\u0259sind\u0259 2 PKK terror\u00e7usu m\u0259hv edilib. Millinews.az-\u0131n x\u0259b\u0259rin\u0259 g\u00f6r\u0259, bu bar\u0259d\u0259 T\u00fcrkiy\u0259 M\u00fcdafi\u0259 Nazirliyi m\u0259lumat yay\u0131b. Suriyan\u0131n \u015fimal\u0131nda is\u0259 3 terror\u00e7u z\u0259r\u0259rsizl\u0259\u015fdirilib.<\/p>\n","protected":false},"author":1,"featured_media":3977,"comment_status":"open","ping_status":"closed","sticky":false,"template":"","format":"standard","meta":{"footnotes":""},"categories":[9],"tags":[],"class_list":["post-3976","post","type-post","status-publish","format-standard","has-post-thumbnail","hentry","category-xeber"],"_links":{"self":[{"href":"https:\/\/millitv.net\/index.php?rest_route=\/wp\/v2\/posts\/3976","targetHints":{"allow":["GET"]}}],"collection":[{"href":"https:\/\/millitv.net\/index.php?rest_route=\/wp\/v2\/posts"}],"about":[{"href":"https:\/\/millitv.net\/index.php?rest_route=\/wp\/v2\/types\/post"}],"author":[{"embeddable":true,"href":"https:\/\/millitv.net\/index.php?rest_route=\/wp\/v2\/users\/1"}],"replies":[{"embeddable":true,"href":"https:\/\/millitv.net\/index.php?rest_route=%2Fwp%2Fv2%2Fcomments&post=3976"}],"version-history":[{"count":0,"href":"https:\/\/millitv.net\/index.php?rest_route=\/wp\/v2\/posts\/3976\/revisions"}],"wp:featuredmedia":[{"embeddable":true,"href":"https:\/\/millitv.net\/index.php?rest_route=\/wp\/v2\/media\/3977"}],"wp:attachment":[{"href":"https:\/\/millitv.net\/index.php?rest_route=%2Fwp%2Fv2%2Fmedia&parent=3976"}],"wp:term":[{"taxonomy":"category","embeddable":true,"href":"https:\/\/millitv.net\/index.php?rest_route=%2Fwp%2Fv2%2Fcategories&post=3976"},{"taxonomy":"post_tag","embeddable":true,"href":"https:\/\/millitv.net\/index.php?rest_route=%2Fwp%2Fv2%2Ftags&post=3976"}],"curies":[{"name":"wp","href":"https:\/\/api.w.org\/{rel}","templated":true}]}}