{"id":3960,"date":"2023-10-22T06:49:19","date_gmt":"2023-10-22T06:49:19","guid":{"rendered":"https:\/\/millinews.az\/xeber\/fransa-erm%C9%99nistani-az%C9%99rbaycana-qarsi-yeni-muharib%C9%99y%C9%99-t%C9%99hrik-edir\/"},"modified":"2023-10-22T06:49:19","modified_gmt":"2023-10-22T06:49:19","slug":"fransa-erm%C9%99nistani-az%C9%99rbaycana-qarsi-yeni-muharib%C9%99y%C9%99-t%C9%99hrik-edir","status":"publish","type":"post","link":"https:\/\/millitv.net\/?p=3960","title":{"rendered":"Fransa Erm\u0259nistan\u0131 Az\u0259rbaycana qar\u015f\u0131 yeni m\u00fcharib\u0259y\u0259 t\u0259hrik edir"},"content":{"rendered":"<p><img decoding=\"async\" src=\"https:\/\/Millinews.az\/storage\/2023\/10\/19\/fransa.jpg\" alt=\"\" title=\"\"><\/p>\n<div id=\"mvp-content-main\">\n<p><strong>Fransan\u0131n Erm\u0259nistana silah sat\u0131\u015f\u0131 Az\u0259rbaycana qar\u015f\u0131 d\u00fc\u015fm\u0259n\u00e7ilikdir.<\/strong><\/p>\n<p><strong><a target=\"_blank\" href=\"https:\/\/Millinews.az\" rel=\"noopener\">Millinews.az<\/a> <\/strong>x\u0259b\u0259r verir ki, bu, Q\u0259rbi Az\u0259rbaycan \u0130cmas\u0131n\u0131n b\u0259yanat\u0131nda yer al\u0131b.<\/p>\n<p>\u0130cma hesab edir ki, Fransan\u0131n m\u00fcdafi\u0259 nazirinin Erm\u0259nistanla \u0259n yax\u0131n zamanda silah sazi\u015finin imzalanaca\u011f\u0131 bar\u0259d\u0259 a\u00e7\u0131qlamas\u0131 ciddi narahatl\u0131q do\u011furur: \u201cBundan ba\u015fqa, Fransa m\u00fcxt\u0259lif beyn\u0259lxalq t\u0259\u015fkilatlarda da Az\u0259rbaycana qar\u015f\u0131 \u00e7irkin f\u0259aliyy\u0259tini davam etdirir.<\/p>\n<p>Fransa t\u0259r\u0259find\u0259n Erm\u0259nistana silah verilm\u0259si bu \u00f6lk\u0259d\u0259 revan\u015fizmin g\u00fccl\u0259nm\u0259sin\u0259, regionda g\u0259rginliyin artmas\u0131na xidm\u0259t edir. A\u00e7\u0131q-a\u015fkar g\u00f6r\u00fcn\u00fcr ki, regionda s\u00fclh\u00fcn b\u0259rq\u0259rar olmas\u0131 r\u0259smi Paris\u0259 hec c\u00fcr s\u0259rf etmir. Fransa C\u0259nubi Qafqaz regionuna geosiyasi r\u0259qab\u0259t g\u0259tirm\u0259y\u0259 \u00e7al\u0131\u015f\u0131r v\u0259 bunun \u00fc\u00e7\u00fcn Erm\u0259nistan\u0131 Az\u0259rbaycana qar\u015f\u0131 yeni m\u00fcharib\u0259y\u0259 t\u0259hrik edir\u201d.<\/p>\n<p>Qeyd edilir ki, bu \u00f6lk\u0259 XXI \u0259srd\u0259 bel\u0259, m\u00fcst\u0259ml\u0259k\u0259\u00e7ilik t\u0259f\u0259kk\u00fcr\u00fcnd\u0259n, \u201c\u015e\u0259rq xristianl\u0131\u011f\u0131na d\u0259st\u0259k\u201d kimi irq\u00e7i yana\u015fmadan h\u0259l\u0259 d\u0259 \u0259l \u00e7\u0259k\u0259 bilmir:<\/p>\n<p>\u201c\u018fminik ki, Fransa \u201cvasit\u0259\u00e7ilik\u201d s\u0259yl\u0259rind\u0259 tam m\u0259\u011flubiyy\u0259t\u0259 u\u011frad\u0131\u011f\u0131 kimi, Erm\u0259nistan\u0131n silahland\u0131rmas\u0131 siyas\u0259tind\u0259 d\u0259 u\u011fursuzlu\u011fa d\u00fc\u00e7ar olacaq. C\u0259nubi Qafqaz regionu Fransas\u0131z daha g\u00f6z\u0259l g\u00f6r\u00fcn\u00fcr\u201d.<\/p>\n<\/p><\/div>\n<p><script>\n        (function (d, s, id) {\n            var js, fjs = d.getElementsByTagName(s)[0];\n            if (d.getElementById(id)) return;\n            js = d.createElement(s);\n            js.id = id;\n            js.src = \"\/\/connect.facebook.net\/az_AZ\/sdk.js#xfbml=1&version=v2.7&appId=\";\n            fjs.parentNode.insertBefore(js, fjs);\n        }(document, 'script', 'facebook-jssdk'));\n    <\/script><\/p>\n","protected":false},"excerpt":{"rendered":"<p>Fransan\u0131n Erm\u0259nistana silah sat\u0131\u015f\u0131 Az\u0259rbaycana qar\u015f\u0131 d\u00fc\u015fm\u0259n\u00e7ilikdir. Millinews.az x\u0259b\u0259r verir ki, bu, Q\u0259rbi Az\u0259rbaycan \u0130cmas\u0131n\u0131n b\u0259yanat\u0131nda yer al\u0131b. \u0130cma hesab edir ki, Fransan\u0131n m\u00fcdafi\u0259 nazirinin Erm\u0259nistanla \u0259n yax\u0131n zamanda silah sazi\u015finin imzalanaca\u011f\u0131 bar\u0259d\u0259 a\u00e7\u0131qlamas\u0131 ciddi narahatl\u0131q do\u011furur: \u201cBundan ba\u015fqa, Fransa m\u00fcxt\u0259lif beyn\u0259lxalq t\u0259\u015fkilatlarda da Az\u0259rbaycana qar\u015f\u0131 \u00e7irkin f\u0259aliyy\u0259tini davam etdirir. Fransa t\u0259r\u0259find\u0259n Erm\u0259nistana silah verilm\u0259si &hellip;<\/p>\n","protected":false},"author":1,"featured_media":3961,"comment_status":"open","ping_status":"closed","sticky":false,"template":"","format":"standard","meta":{"footnotes":""},"categories":[9],"tags":[],"class_list":["post-3960","post","type-post","status-publish","format-standard","has-post-thumbnail","hentry","category-xeber"],"_links":{"self":[{"href":"https:\/\/millitv.net\/index.php?rest_route=\/wp\/v2\/posts\/3960","targetHints":{"allow":["GET"]}}],"collection":[{"href":"https:\/\/millitv.net\/index.php?rest_route=\/wp\/v2\/posts"}],"about":[{"href":"https:\/\/millitv.net\/index.php?rest_route=\/wp\/v2\/types\/post"}],"author":[{"embeddable":true,"href":"https:\/\/millitv.net\/index.php?rest_route=\/wp\/v2\/users\/1"}],"replies":[{"embeddable":true,"href":"https:\/\/millitv.net\/index.php?rest_route=%2Fwp%2Fv2%2Fcomments&post=3960"}],"version-history":[{"count":0,"href":"https:\/\/millitv.net\/index.php?rest_route=\/wp\/v2\/posts\/3960\/revisions"}],"wp:featuredmedia":[{"embeddable":true,"href":"https:\/\/millitv.net\/index.php?rest_route=\/wp\/v2\/media\/3961"}],"wp:attachment":[{"href":"https:\/\/millitv.net\/index.php?rest_route=%2Fwp%2Fv2%2Fmedia&parent=3960"}],"wp:term":[{"taxonomy":"category","embeddable":true,"href":"https:\/\/millitv.net\/index.php?rest_route=%2Fwp%2Fv2%2Fcategories&post=3960"},{"taxonomy":"post_tag","embeddable":true,"href":"https:\/\/millitv.net\/index.php?rest_route=%2Fwp%2Fv2%2Ftags&post=3960"}],"curies":[{"name":"wp","href":"https:\/\/api.w.org\/{rel}","templated":true}]}}