{"id":3942,"date":"2023-10-22T05:21:01","date_gmt":"2023-10-22T05:21:01","guid":{"rendered":"https:\/\/millinews.az\/xeber\/az%C9%99rbaycan-akrobatlari-uc-medal-qazaniblar\/"},"modified":"2023-10-22T05:21:01","modified_gmt":"2023-10-22T05:21:01","slug":"az%C9%99rbaycan-akrobatlari-uc-medal-qazaniblar","status":"publish","type":"post","link":"https:\/\/millitv.net\/?p=3942","title":{"rendered":"Az\u0259rbaycan akrobatlar\u0131 \u00fc\u00e7 medal qazan\u0131blar"},"content":{"rendered":"<div id=\"maincontent\">&#13;<br \/>\n        &#13;<\/p>\n<p><strong>Akrobatika gimnastikas\u0131 \u00fczr\u0259 Az\u0259rbaycan y\u0131\u011fmas\u0131 Bolqar\u0131stan\u0131n Varna \u015f\u0259h\u0259rind\u0259 ke\u00e7iril\u0259n 31-ci Avropa \u00e7empionat\u0131nda 2 q\u0131z\u0131l medal qazan\u0131b<\/strong>&#13;\n<\/p>\n<p><a href=\"https:\/\/Millinews.az\" target=\"_blank\" class=\"kw-link\" rel=\"noopener\">Millinews.az<\/a> x\u0259b\u0259r verir ki, idman\u00e7\u0131lar \u00e7oxn\u00f6v\u00e7\u00fcl\u00fck proqram\u0131nda f\u0259xri k\u00fcrs\u00fcn\u00fcn \u0259n y\u00fcks\u0259k pill\u0259sin\u0259 qalx\u0131blar.<\/p>\n<p>A\u011fasif R\u0259himov v\u0259 Raziy\u0259 Seyidlid\u0259n ibar\u0259t qar\u0131\u015f\u0131q c\u00fctl\u00fck, h\u0259m\u00e7inin, Daniel Abbasov v\u0259 Murad R\u0259fiyevd\u0259n ibar\u0259t ki\u015fi c\u00fctl\u00fcy\u00fc Avropa \u00e7empionu olub.<\/p>\n<p>Qeyd ed\u0259k ki, bu g\u00fcn h\u0259m\u00e7inin N\u0259zrin Zeyniyeva, Z\u0259hra R\u0259\u015fidova v\u0259 Anahita Bashirid\u0259n ibar\u0259t qad\u0131n qrupu (g\u0259ncl\u0259r) qit\u0259 birinciliyind\u0259 g\u00fcm\u00fc\u015f medala yiy\u0259l\u0259nib.&#13;<br \/>\n        &#13;<br \/>\n&#13;<br \/>\n        &#13;<br \/>\n&#13;\n        <\/p>\n<p><noscript><\/p>\n<p>You must enable Javascript on your browser for the site to work optimally and display sections completely.<\/p>\n<p><\/noscript>\t\t&#13;<br \/>\n\t\t&#13;\n    <\/div>\n<p><script type=\"text\/javascript\">jQuery(document).ready(function () {\n(function(d, s, id) {\n    var js, fjs = d.getElementsByTagName(s)[0];\n    if (d.getElementById(id))\n        return;\n    js = d.createElement(s);\n    js.id = id;\n    js.src = \"\/\/connect.facebook.net\/az_AZ\/all.js#xfbml=1&appId=1002485763137712\";\n    fjs.parentNode.insertBefore(js, fjs);\n}(document, 'script', 'facebook-jssdk'));                \n$('.fancybox').fancybox();\n});<\/script><\/p>\n","protected":false},"excerpt":{"rendered":"<p>&#13; &#13; Akrobatika gimnastikas\u0131 \u00fczr\u0259 Az\u0259rbaycan y\u0131\u011fmas\u0131 Bolqar\u0131stan\u0131n Varna \u015f\u0259h\u0259rind\u0259 ke\u00e7iril\u0259n 31-ci Avropa \u00e7empionat\u0131nda 2 q\u0131z\u0131l medal qazan\u0131b&#13; Millinews.az x\u0259b\u0259r verir ki, idman\u00e7\u0131lar \u00e7oxn\u00f6v\u00e7\u00fcl\u00fck proqram\u0131nda f\u0259xri k\u00fcrs\u00fcn\u00fcn \u0259n y\u00fcks\u0259k pill\u0259sin\u0259 qalx\u0131blar. A\u011fasif R\u0259himov v\u0259 Raziy\u0259 Seyidlid\u0259n ibar\u0259t qar\u0131\u015f\u0131q c\u00fctl\u00fck, h\u0259m\u00e7inin, Daniel Abbasov v\u0259 Murad R\u0259fiyevd\u0259n ibar\u0259t ki\u015fi c\u00fctl\u00fcy\u00fc Avropa \u00e7empionu olub. Qeyd ed\u0259k ki, bu &hellip;<\/p>\n","protected":false},"author":1,"featured_media":3943,"comment_status":"open","ping_status":"closed","sticky":false,"template":"","format":"standard","meta":{"footnotes":""},"categories":[9],"tags":[],"class_list":["post-3942","post","type-post","status-publish","format-standard","has-post-thumbnail","hentry","category-xeber"],"_links":{"self":[{"href":"https:\/\/millitv.net\/index.php?rest_route=\/wp\/v2\/posts\/3942","targetHints":{"allow":["GET"]}}],"collection":[{"href":"https:\/\/millitv.net\/index.php?rest_route=\/wp\/v2\/posts"}],"about":[{"href":"https:\/\/millitv.net\/index.php?rest_route=\/wp\/v2\/types\/post"}],"author":[{"embeddable":true,"href":"https:\/\/millitv.net\/index.php?rest_route=\/wp\/v2\/users\/1"}],"replies":[{"embeddable":true,"href":"https:\/\/millitv.net\/index.php?rest_route=%2Fwp%2Fv2%2Fcomments&post=3942"}],"version-history":[{"count":0,"href":"https:\/\/millitv.net\/index.php?rest_route=\/wp\/v2\/posts\/3942\/revisions"}],"wp:featuredmedia":[{"embeddable":true,"href":"https:\/\/millitv.net\/index.php?rest_route=\/wp\/v2\/media\/3943"}],"wp:attachment":[{"href":"https:\/\/millitv.net\/index.php?rest_route=%2Fwp%2Fv2%2Fmedia&parent=3942"}],"wp:term":[{"taxonomy":"category","embeddable":true,"href":"https:\/\/millitv.net\/index.php?rest_route=%2Fwp%2Fv2%2Fcategories&post=3942"},{"taxonomy":"post_tag","embeddable":true,"href":"https:\/\/millitv.net\/index.php?rest_route=%2Fwp%2Fv2%2Ftags&post=3942"}],"curies":[{"name":"wp","href":"https:\/\/api.w.org\/{rel}","templated":true}]}}