{"id":3926,"date":"2023-10-22T01:26:45","date_gmt":"2023-10-22T01:26:45","guid":{"rendered":"https:\/\/millinews.az\/xeber\/bakida-17-yasli-g%C9%99nci-avtomobil-vurdu\/"},"modified":"2023-10-22T01:26:45","modified_gmt":"2023-10-22T01:26:45","slug":"bakida-17-yasli-g%C9%99nci-avtomobil-vurdu","status":"publish","type":"post","link":"https:\/\/millitv.net\/?p=3926","title":{"rendered":"Bak\u0131da 17 ya\u015fl\u0131 g\u0259nci avtomobil vurdu"},"content":{"rendered":"<p><img decoding=\"async\" src=\"https:\/\/Millinews.az\/storage\/2023\/06\/28\/qeza.jpg\" alt=\"\" title=\"\"><\/p>\n<div id=\"mvp-content-main\">\n<p><strong>Bak\u0131n\u0131n X\u0259z\u0259r rayonunda x\u0259sar\u0259tl\u0259 n\u0259tic\u0259l\u0259n\u0259n yol-n\u0259qliyyat hadis\u0259si ba\u015f verib.<\/strong><\/p>\n<p><strong><a target=\"_blank\" href=\"https:\/\/Millinews.az\" rel=\"noopener\">Millinews.az<\/a><\/strong> x\u0259b\u0259r verir ki, avtomobil yolu ke\u00e7\u0259n 2006-c\u0131 il t\u0259v\u0259ll\u00fcdl\u00fc M\u0259h\u0259rr\u0259mli Murad Namiq o\u011flunu vurub.<\/p>\n<p>Yaral\u0131 t\u0259cili tibbi yard\u0131m\u0131n k\u00f6m\u0259kliyi il\u0259 x\u0259st\u0259xanaya \u00e7atd\u0131r\u0131l\u0131b.<\/p>\n<p>Hadis\u0259nin t\u0259f\u0259rr\u00fcat\u0131 ara\u015fd\u0131r\u0131l\u0131r.<\/p>\n<\/p><\/div>\n<p><script>\n        (function (d, s, id) {\n            var js, fjs = d.getElementsByTagName(s)[0];\n            if (d.getElementById(id)) return;\n            js = d.createElement(s);\n            js.id = id;\n            js.src = \"\/\/connect.facebook.net\/az_AZ\/sdk.js#xfbml=1&version=v2.7&appId=\";\n            fjs.parentNode.insertBefore(js, fjs);\n        }(document, 'script', 'facebook-jssdk'));\n    <\/script><\/p>\n","protected":false},"excerpt":{"rendered":"<p>Bak\u0131n\u0131n X\u0259z\u0259r rayonunda x\u0259sar\u0259tl\u0259 n\u0259tic\u0259l\u0259n\u0259n yol-n\u0259qliyyat hadis\u0259si ba\u015f verib. Millinews.az x\u0259b\u0259r verir ki, avtomobil yolu ke\u00e7\u0259n 2006-c\u0131 il t\u0259v\u0259ll\u00fcdl\u00fc M\u0259h\u0259rr\u0259mli Murad Namiq o\u011flunu vurub. Yaral\u0131 t\u0259cili tibbi yard\u0131m\u0131n k\u00f6m\u0259kliyi il\u0259 x\u0259st\u0259xanaya \u00e7atd\u0131r\u0131l\u0131b. Hadis\u0259nin t\u0259f\u0259rr\u00fcat\u0131 ara\u015fd\u0131r\u0131l\u0131r.<\/p>\n","protected":false},"author":1,"featured_media":3324,"comment_status":"open","ping_status":"closed","sticky":false,"template":"","format":"standard","meta":{"footnotes":""},"categories":[9],"tags":[],"class_list":["post-3926","post","type-post","status-publish","format-standard","has-post-thumbnail","hentry","category-xeber"],"_links":{"self":[{"href":"https:\/\/millitv.net\/index.php?rest_route=\/wp\/v2\/posts\/3926","targetHints":{"allow":["GET"]}}],"collection":[{"href":"https:\/\/millitv.net\/index.php?rest_route=\/wp\/v2\/posts"}],"about":[{"href":"https:\/\/millitv.net\/index.php?rest_route=\/wp\/v2\/types\/post"}],"author":[{"embeddable":true,"href":"https:\/\/millitv.net\/index.php?rest_route=\/wp\/v2\/users\/1"}],"replies":[{"embeddable":true,"href":"https:\/\/millitv.net\/index.php?rest_route=%2Fwp%2Fv2%2Fcomments&post=3926"}],"version-history":[{"count":0,"href":"https:\/\/millitv.net\/index.php?rest_route=\/wp\/v2\/posts\/3926\/revisions"}],"wp:featuredmedia":[{"embeddable":true,"href":"https:\/\/millitv.net\/index.php?rest_route=\/wp\/v2\/media\/3324"}],"wp:attachment":[{"href":"https:\/\/millitv.net\/index.php?rest_route=%2Fwp%2Fv2%2Fmedia&parent=3926"}],"wp:term":[{"taxonomy":"category","embeddable":true,"href":"https:\/\/millitv.net\/index.php?rest_route=%2Fwp%2Fv2%2Fcategories&post=3926"},{"taxonomy":"post_tag","embeddable":true,"href":"https:\/\/millitv.net\/index.php?rest_route=%2Fwp%2Fv2%2Ftags&post=3926"}],"curies":[{"name":"wp","href":"https:\/\/api.w.org\/{rel}","templated":true}]}}