{"id":3904,"date":"2023-10-21T22:39:07","date_gmt":"2023-10-21T22:39:07","guid":{"rendered":"https:\/\/millinews.az\/xeber\/az%C9%99rbaycan-iran-dovl%C9%99t-s%C9%99rh%C9%99dinin-tam-n%C9%99zar%C9%99t%C9%99-goturulm%C9%99sind%C9%99n-3-il-otur\/"},"modified":"2023-10-21T22:39:07","modified_gmt":"2023-10-21T22:39:07","slug":"az%C9%99rbaycan-iran-dovl%C9%99t-s%C9%99rh%C9%99dinin-tam-n%C9%99zar%C9%99t%C9%99-goturulm%C9%99sind%C9%99n-3-il-otur","status":"publish","type":"post","link":"https:\/\/millitv.net\/?p=3904","title":{"rendered":"Az\u0259rbaycan-\u0130ran d\u00f6vl\u0259t s\u0259rh\u0259dinin tam n\u0259zar\u0259t\u0259 g\u00f6t\u00fcr\u00fclm\u0259sind\u0259n 3 il \u00f6t\u00fcr"},"content":{"rendered":"<p><img decoding=\"async\" src=\"https:\/\/Millinews.az\/storage\/2023\/10\/22\/20de5571-45d8-394e-8b3a-e7421492b97e_850.jpg\" alt=\"\" title=\"\"><\/p>\n<div id=\"mvp-content-main\">\n<p><strong>Bu g\u00fcn Az\u0259rbaycan-\u0130ran d\u00f6vl\u0259t s\u0259rh\u0259dinin uzun ill\u0259r Erm\u0259nistan silahl\u0131 q\u00fcvv\u0259l\u0259ri t\u0259r\u0259find\u0259n z\u0259bt edil\u0259n 132 kilometrlik hiss\u0259sinin i\u015f\u011faldan azad olunmas\u0131n\u0131n \u00fc\u00e7\u00fcnc\u00fc ild\u00f6n\u00fcm\u00fcd\u00fcr.<\/strong><\/p>\n<p><strong><a target=\"_blank\" href=\"https:\/\/Millinews.az\" rel=\"noopener\">Millinews.az<\/a><\/strong> x\u0259b\u0259r verir ki, 2020-ci il oktyabr\u0131n 22-d\u0259 Z\u0259ngilan rayonunun A\u011fb\u0259nd q\u0259s\u0259b\u0259si i\u015f\u011faldan azad olunub.<\/p>\n<p>Bununla da, otuz il\u0259 yax\u0131n i\u015f\u011fal alt\u0131nda olan Az\u0259rbaycan-\u0130ran d\u00f6vl\u0259t s\u0259rh\u0259di tam n\u0259zar\u0259t\u0259 g\u00f6t\u00fcr\u00fcl\u00fcb.<\/p>\n<p>M\u00fcjd\u0259li x\u0259b\u0259ri Az\u0259rbaycan xalq\u0131na Prezident, Silahl\u0131 Q\u00fcvv\u0259l\u0259rin M\u00fcz\u0259ff\u0259r Ali Ba\u015f Komandan\u0131 \u0130lham \u018fliyev \u00e7atd\u0131r\u0131b. D\u00f6vl\u0259t ba\u015f\u00e7\u0131s\u0131 A\u011fb\u0259nd q\u0259s\u0259b\u0259sinin azad edilm\u0259si il\u0259 Az\u0259rbaycan-\u0130ran d\u00f6vl\u0259t s\u0259rh\u0259dinin tam n\u0259zar\u0259t\u0259 g\u00f6t\u00fcr\u00fclm\u0259sinin t\u0259min olunmas\u0131 m\u00fcnasib\u0259tl\u0259 h\u0259r iki \u00f6lk\u0259nin xalq\u0131n\u0131 t\u0259brik edib.<\/p>\n<p>A\u011fb\u0259nd q\u0259s\u0259b\u0259sini v\u0259 A\u011fb\u0259nd s\u0259rh\u0259d zastavas\u0131n\u0131 i\u015f\u011faldan azad ed\u0259n Az\u0259rbaycan h\u0259rb\u00e7il\u0259ri bu bar\u0259d\u0259 Ali Ba\u015f Komandan \u0130lham \u018fliyev\u0259 raport verib.<\/p>\n<p>H\u0259min g\u00fcn A\u011fb\u0259nd q\u0259s\u0259b\u0259sil\u0259 yana\u015f\u0131, Z\u0259ngilan rayonunun Kolluq\u0131\u015flaq, Malatke\u015fin, K\u0259nd Z\u0259ngilan, Genlik, V\u0259liqulub\u0259yli, Qarad\u0259r\u0259, \u00c7\u00f6p\u0259d\u0259r\u0259, Tatar, Tiri, \u018fmirxanl\u0131, Qarqulu, Bartaz, D\u0259ll\u0259kli k\u0259ndl\u0259rinin, el\u0259c\u0259 d\u0259 F\u00fczuli rayonunun Mollav\u0259li, Yuxar\u0131 R\u0259fidinli, A\u015fa\u011f\u0131 R\u0259fidinli v\u0259 C\u0259bray\u0131l rayonunun Sirik, \u015e\u0131xlar, M\u0259st\u0259lib\u0259yli, D\u0259rzili k\u0259ndl\u0259ri d\u0259 d\u00fc\u015fm\u0259nd\u0259n t\u0259mizl\u0259nib.<\/p>\n<p>\u00d6lk\u0259 r\u0259hb\u0259rinin tap\u015f\u0131r\u0131\u011f\u0131 il\u0259 D\u00f6vl\u0259t S\u0259rh\u0259d Xidm\u0259ti t\u0259r\u0259find\u0259n q\u0131sa m\u00fcdd\u0259t \u0259rzind\u0259 \u0130ran-Az\u0259rbaycan s\u0259rh\u0259dinin dig\u0259r istiqam\u0259tl\u0259rind\u0259ki kimi i\u015f\u011faldan azad olunan hiss\u0259sind\u0259 d\u0259 b\u00fct\u00fcn z\u0259ruri m\u00fchafiz\u0259 infrastrukturu yarad\u0131l\u0131b. Burada s\u0259rh\u0259d zastavalar\u0131n\u0131n f\u0259aliyy\u0259ti b\u0259rpa edilib.<\/p>\n<p>Bel\u0259likl\u0259, i\u015f\u011faldan azad olunandan sonra \u0259razinin minalardan t\u0259mizl\u0259nm\u0259 \u0259m\u0259liyyat\u0131 il\u0259 yana\u015f\u0131, paralel olaraq q\u0259s\u0259b\u0259d\u0259 infrastrukturun b\u0259rpas\u0131 i\u015fl\u0259ri d\u0259 apar\u0131l\u0131r.<\/p>\n<p>Haz\u0131rda Az\u0259rbaycan \u00fc\u00e7\u00fcn b\u00f6y\u00fck \u0259h\u0259miyy\u0259t\u0259 malik olan Horadiz-C\u0259bray\u0131l-Z\u0259ngilan-A\u011fb\u0259nd avtomobil yolunun in\u015fas\u0131 davam etdirilir. Bu avtomobil yolu i\u015f\u011faldan azad edilmi\u015f F\u00fczuli, C\u0259bray\u0131l v\u0259 Z\u0259ngilan rayonlar\u0131n\u0131n \u0259razisind\u0259n ke\u00e7ir. \u00dcmumi uzunlu\u011fu 123,8 km olan yolun t\u0259m\u0259li 2021-ci ilin aprelin 26-da Prezident \u0130lham \u018fliyev, birinci xan\u0131m Mehriban \u018fliyeva, q\u0131zlar\u0131 Leyla \u018fliyevan\u0131n C\u0259bray\u0131l v\u0259 Z\u0259ngilan rayonlar\u0131na s\u0259f\u0259ri zaman\u0131 qoyulub.<\/p>\n<p>Bununla yana\u015f\u0131, Horadiz-A\u011fb\u0259nd d\u0259mir yolu x\u0259ttinin in\u015fas\u0131 da davam etdirilir. 2021-ci ilin fevral ay\u0131nda \u00f6lk\u0259 prezidentinin t\u0259m\u0259lini qoydu\u011fu Horadiz-A\u011fb\u0259nd d\u0259mir yolu x\u0259ttinin ox \u00fczr\u0259 uzunlu\u011fu 110,4 km t\u0259\u015fkil edir. Tikinti i\u015fl\u0259ri 3 m\u0259rh\u0259l\u0259d\u0259 h\u0259yata ke\u00e7irilir. I m\u0259rh\u0259l\u0259 Horadiz, M\u0259rcanl\u0131, Mahmudlu stansiyalar\u0131n\u0131 \u0259hat\u0259 etm\u0259kl\u0259 30 km, II m\u0259rh\u0259l\u0259 Soltanl\u0131, Qumlaq, H\u0259k\u0259ri v\u0259 Mincivan stansiyalar\u0131n\u0131 \u0259hat\u0259 etm\u0259kl\u0259 55 km, III m\u0259rh\u0259l\u0259 is\u0259 Mincivandan ba\u015flayaraq Bartaz v\u0259 A\u011fb\u0259nd stansiyalar\u0131n\u0131 \u0259hat\u0259 etm\u0259kl\u0259 25,4 km t\u0259\u015fkil edir.<\/p>\n<p>Qeyd ed\u0259k ki, A\u011fb\u0259nd q\u0259s\u0259b\u0259si Z\u0259ngilan\u0131n Vejn\u0259li k\u0259nd inzibati \u0259razi dair\u0259sin\u0259 aiddir v\u0259 1993-ci ild\u0259 Erm\u0259nistan Silahl\u0131 Q\u00fcvv\u0259l\u0259ri t\u0259r\u0259find\u0259n i\u015f\u011fal edilmi\u015fdi. Q\u0259s\u0259b\u0259 Araz \u00e7ay\u0131n\u0131n sahilind\u0259, A\u011fb\u0259nd da\u011f\u0131n\u0131n \u0259t\u0259yind\u0259 yerl\u0259\u015fir. Ya\u015fay\u0131\u015f m\u0259nt\u0259q\u0259sinin ad\u0131 \u0259t\u0259yind\u0259 sal\u0131nd\u0131\u011f\u0131 da\u011f\u0131n ad\u0131ndan g\u00f6t\u00fcr\u00fcl\u00fcb.<\/p>\n<\/p><\/div>\n<p><script>\n        (function (d, s, id) {\n            var js, fjs = d.getElementsByTagName(s)[0];\n            if (d.getElementById(id)) return;\n            js = d.createElement(s);\n            js.id = id;\n            js.src = \"\/\/connect.facebook.net\/az_AZ\/sdk.js#xfbml=1&version=v2.7&appId=\";\n            fjs.parentNode.insertBefore(js, fjs);\n        }(document, 'script', 'facebook-jssdk'));\n    <\/script><\/p>\n","protected":false},"excerpt":{"rendered":"<p>Bu g\u00fcn Az\u0259rbaycan-\u0130ran d\u00f6vl\u0259t s\u0259rh\u0259dinin uzun ill\u0259r Erm\u0259nistan silahl\u0131 q\u00fcvv\u0259l\u0259ri t\u0259r\u0259find\u0259n z\u0259bt edil\u0259n 132 kilometrlik hiss\u0259sinin i\u015f\u011faldan azad olunmas\u0131n\u0131n \u00fc\u00e7\u00fcnc\u00fc ild\u00f6n\u00fcm\u00fcd\u00fcr. Millinews.az x\u0259b\u0259r verir ki, 2020-ci il oktyabr\u0131n 22-d\u0259 Z\u0259ngilan rayonunun A\u011fb\u0259nd q\u0259s\u0259b\u0259si i\u015f\u011faldan azad olunub. Bununla da, otuz il\u0259 yax\u0131n i\u015f\u011fal alt\u0131nda olan Az\u0259rbaycan-\u0130ran d\u00f6vl\u0259t s\u0259rh\u0259di tam n\u0259zar\u0259t\u0259 g\u00f6t\u00fcr\u00fcl\u00fcb. M\u00fcjd\u0259li x\u0259b\u0259ri Az\u0259rbaycan xalq\u0131na Prezident, &hellip;<\/p>\n","protected":false},"author":1,"featured_media":3905,"comment_status":"open","ping_status":"closed","sticky":false,"template":"","format":"standard","meta":{"footnotes":""},"categories":[9],"tags":[],"class_list":["post-3904","post","type-post","status-publish","format-standard","has-post-thumbnail","hentry","category-xeber"],"_links":{"self":[{"href":"https:\/\/millitv.net\/index.php?rest_route=\/wp\/v2\/posts\/3904","targetHints":{"allow":["GET"]}}],"collection":[{"href":"https:\/\/millitv.net\/index.php?rest_route=\/wp\/v2\/posts"}],"about":[{"href":"https:\/\/millitv.net\/index.php?rest_route=\/wp\/v2\/types\/post"}],"author":[{"embeddable":true,"href":"https:\/\/millitv.net\/index.php?rest_route=\/wp\/v2\/users\/1"}],"replies":[{"embeddable":true,"href":"https:\/\/millitv.net\/index.php?rest_route=%2Fwp%2Fv2%2Fcomments&post=3904"}],"version-history":[{"count":0,"href":"https:\/\/millitv.net\/index.php?rest_route=\/wp\/v2\/posts\/3904\/revisions"}],"wp:featuredmedia":[{"embeddable":true,"href":"https:\/\/millitv.net\/index.php?rest_route=\/wp\/v2\/media\/3905"}],"wp:attachment":[{"href":"https:\/\/millitv.net\/index.php?rest_route=%2Fwp%2Fv2%2Fmedia&parent=3904"}],"wp:term":[{"taxonomy":"category","embeddable":true,"href":"https:\/\/millitv.net\/index.php?rest_route=%2Fwp%2Fv2%2Fcategories&post=3904"},{"taxonomy":"post_tag","embeddable":true,"href":"https:\/\/millitv.net\/index.php?rest_route=%2Fwp%2Fv2%2Ftags&post=3904"}],"curies":[{"name":"wp","href":"https:\/\/api.w.org\/{rel}","templated":true}]}}