{"id":3867,"date":"2023-10-21T18:18:45","date_gmt":"2023-10-21T18:18:45","guid":{"rendered":"https:\/\/millinews.az\/xeber\/erdogan-hemas-lideri-il%C9%99-danisdi\/"},"modified":"2023-10-21T18:18:45","modified_gmt":"2023-10-21T18:18:45","slug":"erdogan-hemas-lideri-il%C9%99-danisdi","status":"publish","type":"post","link":"https:\/\/millitv.net\/?p=3867","title":{"rendered":"\u018frdo\u011fan H\u018fMAS lideri il\u0259 dan\u0131\u015fd\u0131"},"content":{"rendered":"<div id=\"maincontent\">&#13;<br \/>\n        &#13;<\/p>\n<p><strong>T\u00fcrkiy\u0259 Prezidenti R\u0259c\u0259b Tayyib \u018frdo\u011fan H\u018fMAS Siyasi B\u00fcrosunun s\u0259dri \u0130smay\u0131l Haniy\u0259 il\u0259 telefon dan\u0131\u015f\u0131\u011f\u0131 apar\u0131b.<\/strong><\/p>\n<p><a href=\"https:\/\/Millinews.az\" target=\"_blank\" class=\"kw-link\" rel=\"noopener\">Millinews.az<\/a> x\u0259b\u0259r verir ki, bu bar\u0259d\u0259 Prezident Administrasiyas\u0131 m\u0259lumat yay\u0131b. &#13;\n<\/p>\n<p>Qeyd olunub ki, dan\u0131\u015f\u0131q zaman\u0131 Q\u0259zzada son v\u0259ziyy\u0259t m\u00fczakir\u0259 olunub.<\/p>\n<p>Prezident \u018frdo\u011fan T\u00fcrkiy\u0259nin humanitar yard\u0131m\u0131n Q\u0259zzaya \u00e7atmas\u0131 v\u0259 laz\u0131m g\u0259ldikd\u0259 yaral\u0131lar\u0131n T\u00fcrkiy\u0259d\u0259 m\u00fcalic\u0259 oluna bilm\u0259si \u00fc\u00e7\u00fcn s\u0259y g\u00f6st\u0259rdiyini, b\u00f6lg\u0259d\u0259 at\u0259\u015fk\u0259sin \u0259n q\u0131sa zamanda t\u0259min olunmas\u0131 istiqam\u0259tind\u0259 \u00e7al\u0131\u015fd\u0131\u011f\u0131n\u0131 bildirib.<\/p>\n<p>\u00d6lk\u0259 ba\u015f\u00e7\u0131s\u0131, h\u0259m\u00e7inin 1967-ci il s\u0259rh\u0259dl\u0259rind\u0259 paytaxt\u0131 \u015e\u0259rqi Q\u00fcds olan m\u00fcst\u0259qil F\u0259l\u0259stin d\u00f6vl\u0259ti qurulmadan \u0130srail-F\u0259l\u0259stin probleminin qal\u0131c\u0131 h\u0259llinin m\u00fcmk\u00fcn olmad\u0131\u011f\u0131n\u0131, T\u00fcrkiy\u0259nin daimi s\u00fclh \u00fc\u00e7\u00fcn beyn\u0259lxalq arenada m\u00fcbariz\u0259y\u0259 davam ed\u0259c\u0259yini vur\u011fulay\u0131b.&#13;<br \/>\n        &#13;<br \/>\n&#13;<br \/>\n        &#13;<br \/>\n&#13;\n        <\/p>\n<p><noscript><\/p>\n<p>You must enable Javascript on your browser for the site to work optimally and display sections completely.<\/p>\n<p><\/noscript>\t\t&#13;<br \/>\n\t\t&#13;\n    <\/div>\n<p><script type=\"text\/javascript\">jQuery(document).ready(function () {\n(function(d, s, id) {\n    var js, fjs = d.getElementsByTagName(s)[0];\n    if (d.getElementById(id))\n        return;\n    js = d.createElement(s);\n    js.id = id;\n    js.src = \"\/\/connect.facebook.net\/az_AZ\/all.js#xfbml=1&appId=1002485763137712\";\n    fjs.parentNode.insertBefore(js, fjs);\n}(document, 'script', 'facebook-jssdk'));                \n});<\/script><\/p>\n","protected":false},"excerpt":{"rendered":"<p>&#13; &#13; T\u00fcrkiy\u0259 Prezidenti R\u0259c\u0259b Tayyib \u018frdo\u011fan H\u018fMAS Siyasi B\u00fcrosunun s\u0259dri \u0130smay\u0131l Haniy\u0259 il\u0259 telefon dan\u0131\u015f\u0131\u011f\u0131 apar\u0131b. Millinews.az x\u0259b\u0259r verir ki, bu bar\u0259d\u0259 Prezident Administrasiyas\u0131 m\u0259lumat yay\u0131b. &#13; Qeyd olunub ki, dan\u0131\u015f\u0131q zaman\u0131 Q\u0259zzada son v\u0259ziyy\u0259t m\u00fczakir\u0259 olunub. Prezident \u018frdo\u011fan T\u00fcrkiy\u0259nin humanitar yard\u0131m\u0131n Q\u0259zzaya \u00e7atmas\u0131 v\u0259 laz\u0131m g\u0259ldikd\u0259 yaral\u0131lar\u0131n T\u00fcrkiy\u0259d\u0259 m\u00fcalic\u0259 oluna bilm\u0259si \u00fc\u00e7\u00fcn s\u0259y &hellip;<\/p>\n","protected":false},"author":1,"featured_media":3868,"comment_status":"open","ping_status":"closed","sticky":false,"template":"","format":"standard","meta":{"footnotes":""},"categories":[9],"tags":[],"class_list":["post-3867","post","type-post","status-publish","format-standard","has-post-thumbnail","hentry","category-xeber"],"_links":{"self":[{"href":"https:\/\/millitv.net\/index.php?rest_route=\/wp\/v2\/posts\/3867","targetHints":{"allow":["GET"]}}],"collection":[{"href":"https:\/\/millitv.net\/index.php?rest_route=\/wp\/v2\/posts"}],"about":[{"href":"https:\/\/millitv.net\/index.php?rest_route=\/wp\/v2\/types\/post"}],"author":[{"embeddable":true,"href":"https:\/\/millitv.net\/index.php?rest_route=\/wp\/v2\/users\/1"}],"replies":[{"embeddable":true,"href":"https:\/\/millitv.net\/index.php?rest_route=%2Fwp%2Fv2%2Fcomments&post=3867"}],"version-history":[{"count":0,"href":"https:\/\/millitv.net\/index.php?rest_route=\/wp\/v2\/posts\/3867\/revisions"}],"wp:featuredmedia":[{"embeddable":true,"href":"https:\/\/millitv.net\/index.php?rest_route=\/wp\/v2\/media\/3868"}],"wp:attachment":[{"href":"https:\/\/millitv.net\/index.php?rest_route=%2Fwp%2Fv2%2Fmedia&parent=3867"}],"wp:term":[{"taxonomy":"category","embeddable":true,"href":"https:\/\/millitv.net\/index.php?rest_route=%2Fwp%2Fv2%2Fcategories&post=3867"},{"taxonomy":"post_tag","embeddable":true,"href":"https:\/\/millitv.net\/index.php?rest_route=%2Fwp%2Fv2%2Ftags&post=3867"}],"curies":[{"name":"wp","href":"https:\/\/api.w.org\/{rel}","templated":true}]}}