{"id":3865,"date":"2023-10-21T18:17:21","date_gmt":"2023-10-21T18:17:21","guid":{"rendered":"https:\/\/millinews.az\/xeber\/quterres-q%C9%99zza-zolaginda-d%C9%99rhal-at%C9%99sk%C9%99s%C9%99-cagirdi\/"},"modified":"2023-10-21T18:17:21","modified_gmt":"2023-10-21T18:17:21","slug":"quterres-q%C9%99zza-zolaginda-d%C9%99rhal-at%C9%99sk%C9%99s%C9%99-cagirdi","status":"publish","type":"post","link":"https:\/\/millitv.net\/?p=3865","title":{"rendered":"Quterre\u015f Q\u0259zza zola\u011f\u0131nda d\u0259rhal at\u0259\u015fk\u0259s\u0259 \u00e7a\u011f\u0131rd\u0131"},"content":{"rendered":"<p><img decoding=\"async\" src=\"https:\/\/Millinews.az\/storage\/2023\/07\/28\/quterres.jpg\" alt=\"\" title=\"\"><\/p>\n<div id=\"mvp-content-main\">\n<p><strong>BMT-nin Ba\u015f katibi Antoniu Quterre\u015f F\u0259l\u0259stinl\u0259 ba\u011fl\u0131 Qahir\u0259 S\u00fclh Sammitind\u0259 \u00e7\u0131x\u0131\u015f\u0131 zaman\u0131 Q\u0259zza zola\u011f\u0131nda d\u0259rhal at\u0259\u015fk\u0259s\u0259 v\u0259 girovlar\u0131n azad edilm\u0259sin\u0259 \u00e7a\u011f\u0131r\u0131b.<\/strong><\/p>\n<p>Bu bar\u0259d\u0259 <strong><a target=\"_blank\" href=\"https:\/\/Millinews.az\" rel=\"noopener\">Millinews.az<\/a><\/strong> TASS-a istinad\u0259n x\u0259b\u0259r verir.<\/p>\n<p>\u201cT\u0259r\u0259fl\u0259ri at\u0259\u015fk\u0259s\u0259 v\u0259 girovlar\u0131n azad edilm\u0259sin\u0259 \u00e7a\u011f\u0131r\u0131ram\u201d, &#8211; Ba\u015f katib deyib.<\/p>\n<p>O vur\u011fulay\u0131b ki, qan ax\u0131d\u0131lmas\u0131n\u0131n dayand\u0131r\u0131lmas\u0131 v\u0259 iki d\u00f6vl\u0259tin yarad\u0131lmas\u0131 il\u0259 ba\u011fl\u0131 h\u0259ll\u0259 nail olmaq \u00fc\u00e7\u00fcn h\u0259r c\u00fcr s\u0259y g\u00f6st\u0259rilm\u0259lidir.<\/p>\n<p>\u201cBeyn\u0259lxalq humanitar h\u00fcququ t\u0259tbiq etm\u0259k v\u0259 Q\u0259zza zola\u011f\u0131n\u0131n m\u00fclki \u0259halisini qorumaq laz\u0131md\u0131r\u201d, &#8211; A.Quterre\u015f bildirib. O, m\u00fclki \u0259haliy\u0259, evl\u0259r\u0259 v\u0259 x\u0259st\u0259xanalara h\u00fccumlara son qoyma\u011fa \u00e7a\u011f\u0131r\u0131b. BMT-nin Ba\u015f katibi vur\u011fulay\u0131b ki, Q\u0259zzaya humanitar yard\u0131m davaml\u0131 olaraq g\u00f6st\u0259rilm\u0259lidir.<\/p>\n<\/p><\/div>\n<p><script>\n        (function (d, s, id) {\n            var js, fjs = d.getElementsByTagName(s)[0];\n            if (d.getElementById(id)) return;\n            js = d.createElement(s);\n            js.id = id;\n            js.src = \"\/\/connect.facebook.net\/az_AZ\/sdk.js#xfbml=1&version=v2.7&appId=\";\n            fjs.parentNode.insertBefore(js, fjs);\n        }(document, 'script', 'facebook-jssdk'));\n    <\/script><\/p>\n","protected":false},"excerpt":{"rendered":"<p>BMT-nin Ba\u015f katibi Antoniu Quterre\u015f F\u0259l\u0259stinl\u0259 ba\u011fl\u0131 Qahir\u0259 S\u00fclh Sammitind\u0259 \u00e7\u0131x\u0131\u015f\u0131 zaman\u0131 Q\u0259zza zola\u011f\u0131nda d\u0259rhal at\u0259\u015fk\u0259s\u0259 v\u0259 girovlar\u0131n azad edilm\u0259sin\u0259 \u00e7a\u011f\u0131r\u0131b. Bu bar\u0259d\u0259 Millinews.az TASS-a istinad\u0259n x\u0259b\u0259r verir. \u201cT\u0259r\u0259fl\u0259ri at\u0259\u015fk\u0259s\u0259 v\u0259 girovlar\u0131n azad edilm\u0259sin\u0259 \u00e7a\u011f\u0131r\u0131ram\u201d, &#8211; Ba\u015f katib deyib. O vur\u011fulay\u0131b ki, qan ax\u0131d\u0131lmas\u0131n\u0131n dayand\u0131r\u0131lmas\u0131 v\u0259 iki d\u00f6vl\u0259tin yarad\u0131lmas\u0131 il\u0259 ba\u011fl\u0131 h\u0259ll\u0259 nail olmaq \u00fc\u00e7\u00fcn &hellip;<\/p>\n","protected":false},"author":1,"featured_media":3866,"comment_status":"open","ping_status":"closed","sticky":false,"template":"","format":"standard","meta":{"footnotes":""},"categories":[9],"tags":[],"class_list":["post-3865","post","type-post","status-publish","format-standard","has-post-thumbnail","hentry","category-xeber"],"_links":{"self":[{"href":"https:\/\/millitv.net\/index.php?rest_route=\/wp\/v2\/posts\/3865","targetHints":{"allow":["GET"]}}],"collection":[{"href":"https:\/\/millitv.net\/index.php?rest_route=\/wp\/v2\/posts"}],"about":[{"href":"https:\/\/millitv.net\/index.php?rest_route=\/wp\/v2\/types\/post"}],"author":[{"embeddable":true,"href":"https:\/\/millitv.net\/index.php?rest_route=\/wp\/v2\/users\/1"}],"replies":[{"embeddable":true,"href":"https:\/\/millitv.net\/index.php?rest_route=%2Fwp%2Fv2%2Fcomments&post=3865"}],"version-history":[{"count":0,"href":"https:\/\/millitv.net\/index.php?rest_route=\/wp\/v2\/posts\/3865\/revisions"}],"wp:featuredmedia":[{"embeddable":true,"href":"https:\/\/millitv.net\/index.php?rest_route=\/wp\/v2\/media\/3866"}],"wp:attachment":[{"href":"https:\/\/millitv.net\/index.php?rest_route=%2Fwp%2Fv2%2Fmedia&parent=3865"}],"wp:term":[{"taxonomy":"category","embeddable":true,"href":"https:\/\/millitv.net\/index.php?rest_route=%2Fwp%2Fv2%2Fcategories&post=3865"},{"taxonomy":"post_tag","embeddable":true,"href":"https:\/\/millitv.net\/index.php?rest_route=%2Fwp%2Fv2%2Ftags&post=3865"}],"curies":[{"name":"wp","href":"https:\/\/api.w.org\/{rel}","templated":true}]}}