{"id":3845,"date":"2023-10-21T15:40:42","date_gmt":"2023-10-21T15:40:42","guid":{"rendered":"https:\/\/millinews.az\/xeber\/erdogan-v%C9%99-nato-bas-katibi-q%C9%99zzadaki-v%C9%99ziyy%C9%99ti-muzakir%C9%99-etdil%C9%99r\/"},"modified":"2023-10-21T15:40:42","modified_gmt":"2023-10-21T15:40:42","slug":"erdogan-v%C9%99-nato-bas-katibi-q%C9%99zzadaki-v%C9%99ziyy%C9%99ti-muzakir%C9%99-etdil%C9%99r","status":"publish","type":"post","link":"https:\/\/millitv.net\/?p=3845","title":{"rendered":"\u018frdo\u011fan v\u0259 NATO Ba\u015f katibi Q\u0259zzadak\u0131 v\u0259ziyy\u0259ti m\u00fczakir\u0259 etdil\u0259r"},"content":{"rendered":"<div id=\"maincontent\">&#13;<br \/>\n        &#13;<\/p>\n<p><strong>T\u00fcrkiy\u0259 Prezidenti R\u0259c\u0259b Tayyib \u018frdo\u011fan v\u0259 NATO Ba\u015f katibi Yens Stoltenberq aras\u0131nda telefon dan\u0131\u015f\u0131\u011f\u0131 olub.<\/strong><\/p>\n<p><a href=\"https:\/\/Millinews.az\" target=\"_blank\" class=\"kw-link\" rel=\"noopener\">Millinews.az<\/a> x\u0259b\u0259r verir ki, bu bar\u0259d\u0259 T\u00fcrkiy\u0259 Prezidentinin m\u0259tbuat xidm\u0259ti m\u0259lumat yay\u0131b. &#13;\n<\/p>\n<p>Bildirilib ki, telefon dan\u0131\u015f\u0131\u011f\u0131 zaman\u0131 t\u0259r\u0259fl\u0259r Q\u0259zzada son v\u0259ziyy\u0259ti, insan haqlar\u0131n\u0131n pozulmas\u0131n\u0131n qar\u015f\u0131s\u0131n\u0131 almaq \u00fc\u00e7\u00fcn g\u00f6r\u00fcl\u0259c\u0259k i\u015fl\u0259ri v\u0259 humanitar yard\u0131mlar\u0131n m\u00fclki v\u0259t\u0259nda\u015flara fasil\u0259siz \u00e7atd\u0131r\u0131lmas\u0131n\u0131 m\u00fczakir\u0259 edibl\u0259r.<\/p>\n<p>&#8220;Prezident R\u0259c\u0259b Tayyib \u018frdo\u011fan Q\u0259rb d\u00f6vl\u0259tl\u0259rinin m\u00fcnasib\u0259tinin Q\u0259zzada insan haqlar\u0131 pozuntular\u0131n\u0131 art\u0131rd\u0131\u011f\u0131n\u0131, \u00f6lk\u0259l\u0259rin \u0130sraili dayand\u0131rmaq \u00fc\u00e7\u00fcn s\u0259y g\u00f6st\u0259rm\u0259m\u0259sinin a\u011f\u0131r n\u0259tic\u0259l\u0259r\u0259 g\u0259tirib \u00e7\u0131xaraca\u011f\u0131n\u0131, Q\u0259rbin v\u0259 d\u00fcnya ictimaiyy\u0259tinin g\u00f6z \u00f6n\u00fcd\u0259 ba\u015f ver\u0259n v\u0259 g\u00f6rm\u0259zlikd\u0259n g\u0259lin\u0259n insani faci\u0259l\u0259r\u0259 \u0259n q\u0131sa zamanda son qoyulmas\u0131 \u00fc\u00e7\u00fcn h\u0259r\u0259k\u0259t\u0259 ke\u00e7m\u0259yin vacibliyini vur\u011fulay\u0131b&#8221;.&#13;<br \/>\n        &#13;<br \/>\n&#13;<br \/>\n        &#13;<br \/>\n&#13;\n        <\/p>\n<p><noscript><\/p>\n<p>You must enable Javascript on your browser for the site to work optimally and display sections completely.<\/p>\n<p><\/noscript>\t\t&#13;<br \/>\n\t\t&#13;\n    <\/div>\n<p><script type=\"text\/javascript\">jQuery(document).ready(function () {\n(function(d, s, id) {\n    var js, fjs = d.getElementsByTagName(s)[0];\n    if (d.getElementById(id))\n        return;\n    js = d.createElement(s);\n    js.id = id;\n    js.src = \"\/\/connect.facebook.net\/az_AZ\/all.js#xfbml=1&appId=1002485763137712\";\n    fjs.parentNode.insertBefore(js, fjs);\n}(document, 'script', 'facebook-jssdk'));                \n});<\/script><\/p>\n","protected":false},"excerpt":{"rendered":"<p>&#13; &#13; T\u00fcrkiy\u0259 Prezidenti R\u0259c\u0259b Tayyib \u018frdo\u011fan v\u0259 NATO Ba\u015f katibi Yens Stoltenberq aras\u0131nda telefon dan\u0131\u015f\u0131\u011f\u0131 olub. Millinews.az x\u0259b\u0259r verir ki, bu bar\u0259d\u0259 T\u00fcrkiy\u0259 Prezidentinin m\u0259tbuat xidm\u0259ti m\u0259lumat yay\u0131b. &#13; Bildirilib ki, telefon dan\u0131\u015f\u0131\u011f\u0131 zaman\u0131 t\u0259r\u0259fl\u0259r Q\u0259zzada son v\u0259ziyy\u0259ti, insan haqlar\u0131n\u0131n pozulmas\u0131n\u0131n qar\u015f\u0131s\u0131n\u0131 almaq \u00fc\u00e7\u00fcn g\u00f6r\u00fcl\u0259c\u0259k i\u015fl\u0259ri v\u0259 humanitar yard\u0131mlar\u0131n m\u00fclki v\u0259t\u0259nda\u015flara fasil\u0259siz \u00e7atd\u0131r\u0131lmas\u0131n\u0131 m\u00fczakir\u0259 &hellip;<\/p>\n","protected":false},"author":1,"featured_media":3846,"comment_status":"open","ping_status":"closed","sticky":false,"template":"","format":"standard","meta":{"footnotes":""},"categories":[9],"tags":[],"class_list":["post-3845","post","type-post","status-publish","format-standard","has-post-thumbnail","hentry","category-xeber"],"_links":{"self":[{"href":"https:\/\/millitv.net\/index.php?rest_route=\/wp\/v2\/posts\/3845","targetHints":{"allow":["GET"]}}],"collection":[{"href":"https:\/\/millitv.net\/index.php?rest_route=\/wp\/v2\/posts"}],"about":[{"href":"https:\/\/millitv.net\/index.php?rest_route=\/wp\/v2\/types\/post"}],"author":[{"embeddable":true,"href":"https:\/\/millitv.net\/index.php?rest_route=\/wp\/v2\/users\/1"}],"replies":[{"embeddable":true,"href":"https:\/\/millitv.net\/index.php?rest_route=%2Fwp%2Fv2%2Fcomments&post=3845"}],"version-history":[{"count":0,"href":"https:\/\/millitv.net\/index.php?rest_route=\/wp\/v2\/posts\/3845\/revisions"}],"wp:featuredmedia":[{"embeddable":true,"href":"https:\/\/millitv.net\/index.php?rest_route=\/wp\/v2\/media\/3846"}],"wp:attachment":[{"href":"https:\/\/millitv.net\/index.php?rest_route=%2Fwp%2Fv2%2Fmedia&parent=3845"}],"wp:term":[{"taxonomy":"category","embeddable":true,"href":"https:\/\/millitv.net\/index.php?rest_route=%2Fwp%2Fv2%2Fcategories&post=3845"},{"taxonomy":"post_tag","embeddable":true,"href":"https:\/\/millitv.net\/index.php?rest_route=%2Fwp%2Fv2%2Ftags&post=3845"}],"curies":[{"name":"wp","href":"https:\/\/api.w.org\/{rel}","templated":true}]}}