{"id":3837,"date":"2023-10-21T15:18:31","date_gmt":"2023-10-21T15:18:31","guid":{"rendered":"https:\/\/millinews.az\/xeber\/tarix-yazan-%C9%99b%C9%99diyasar-lider-movzusunda-d%C9%99yirmi-masa-kecirilib\/"},"modified":"2023-10-21T15:18:31","modified_gmt":"2023-10-21T15:18:31","slug":"tarix-yazan-%C9%99b%C9%99diyasar-lider-movzusunda-d%C9%99yirmi-masa-kecirilib","status":"publish","type":"post","link":"https:\/\/millitv.net\/?p=3837","title":{"rendered":"\u201cTarix yazan \u0259b\u0259diya\u015far lider\u201d m\u00f6vzusunda d\u0259yirmi masa ke\u00e7irilib"},"content":{"rendered":"<div id=\"maincontent\">&#13;<br \/>\n        &#13;<\/p>\n<p><strong>Neft\u00e7ala rayonunda \u201cTarix yazan \u0259b\u0259diya\u015far lider\u201d m\u00f6vzusunda d\u0259yirmi masa ke\u00e7irilib v\u0259 \u201cM\u00fcst\u0259qilliyin B\u0259rpas\u0131 G\u00fcn\u00fc\u201d  geni\u015f formada qeyd olunub.<br \/><\/strong><\/p>\n<p><a href=\"https:\/\/Millinews.az\" target=\"_blank\" class=\"kw-link\" rel=\"noopener\">Millinews.az<\/a>-\u0131n m\u0259lumat\u0131na g\u00f6r\u0259, d\u0259yirmi masada Neft\u00e7ala Rayon \u0130cra Hakimiyy\u0259tinin ba\u015f\u00e7\u0131s\u0131 Mirh\u0259s\u0259n Seyidov, Tarix \u00fczr\u0259 f\u0259ls\u0259f\u0259 doktoru, dosent S\u00fcbhan Tal\u0131bl\u0131, R\u0130H-in m\u0259sul \u015f\u0259xsl\u0259ri, h\u00fcquq-m\u00fchafiz\u0259 orqanlar\u0131n\u0131n, Yeni Az\u0259rbaycan Partiyas\u0131 Neft\u00e7ala rayon t\u0259\u015fkilat\u0131n\u0131n, idar\u0259, m\u00fc\u0259ssis\u0259, t\u0259\u015fkilatlar\u0131n r\u0259hb\u0259rl\u0259ri, din xadiml\u0259ri, V\u0259t\u0259n m\u00fcharib\u0259si i\u015ftirak\u00e7\u0131lar\u0131, qazil\u0259r, \u015f\u0259hid ail\u0259l\u0259ri v\u0259 ictimaiyy\u0259t n\u00fcmay\u0259nd\u0259l\u0259ri i\u015ftirak edib. &#13;\n<\/p>\n<p>\u0130lk \u00f6nc\u0259 Neft\u00e7ala \u015f\u0259h\u0259rind\u0259 ucald\u0131lan Ulu \u00d6nd\u0259r Heyd\u0259r \u018fliyevin \u0259z\u0259m\u0259tli heyk\u0259li ziyar\u0259t olunub, t\u0259r g\u00fcl d\u0259st\u0259l\u0259ri d\u00fcz\u00fcl\u00fcb v\u0259 ehtiramla yad olunub.<\/p>\n<p>Xalq\u0131m\u0131z\u0131n \u00dcmummilli Lideri, Ulu \u00d6nd\u0259r Heyd\u0259r \u018fliyevin v\u0259 Az\u0259rbaycan Respublikas\u0131n\u0131n \u0259razi b\u00fct\u00f6vl\u00fcy\u00fcn\u00fcn, m\u00fcst\u0259qilliyinin, konstitusiya qurulu\u015funun m\u00fcdafi\u0259si zaman\u0131 \u015f\u0259hid olan h\u0259rbi qulluq\u00e7ular\u0131n ruhu bir d\u0259qiq\u0259lik s\u00fckutla yad olunub v\u0259 Az\u0259rbaycan Respublikas\u0131n\u0131n D\u00f6vl\u0259t Himni s\u0259sl\u0259nib.<\/p>\n<p>\u00c7\u0131x\u0131\u015f ed\u0259n Tarix \u00fczr\u0259 f\u0259ls\u0259f\u0259 doktoru, dosent S\u00fcbhan Tal\u0131bl\u0131, t\u0259hsil i\u015f\u00e7isi, yaz\u0131\u00e7\u0131 publisist Ruh\u0259ngiz N\u0259c\u0259fova, Rayon M\u0259rk\u0259zl\u0259\u015fdirilmi\u015f Kitabxana Sisteminin direktoru G\u00fclnar\u0259 Qas\u0131mova v\u0259 YAP Neft\u00e7ala rayon t\u0259\u015fkilat\u0131n\u0131n \u0259m\u0259kda\u015f\u0131 F\u0259rhad Bax\u0131\u015fov Ulu \u00d6nd\u0259r Heyd\u0259r \u018fliyevin xalq\u0131m\u0131z\u0131 zama\u00acn\u0131n m\u00fcr\u0259kk\u0259b tarixi-siyasi s\u0131naqlar\u0131n\u00acdan u\u011furla \u00e7\u0131xartmas\u0131, m\u00fcbariz\u0259 apararaq d\u00f6vl\u0259timizin m\u00fcst\u0259qilliy\u0259 qovu\u015fdurmas\u0131, davaml\u0131 y\u00fcks\u0259li\u015f yolunda inam\u00acla ir\u0259lil\u0259y\u0259n m\u00fcasir Az\u0259rbaycan\u0131n inki\u015faf\u0131 \u00dcmummilli Lider Heyd\u0259r \u018fliyevin h\u0259yat amal\u0131n\u0131n t\u0259nt\u0259n\u0259sidir. Ulu \u00d6nd\u0259r Heyd\u0259r \u018fliyev f\u0259aliyy\u0259ti d\u00f6vr\u00fcnd\u0259 tarixi v\u0259 siyasi \u0259n\u0259n\u0259l\u0259r\u0259, milli-m\u0259n\u0259vi d\u0259y\u0259rl\u0259r\u0259 x\u00fcsusi diqq\u0259t yetirm\u0259kl\u0259 yana\u015f\u0131, yeni\u00aclik\u00e7i, m\u00fct\u0259r\u0259qqi bax\u0131\u015flara \u0259saslanan v\u0259 xalq\u0131n xo\u015fb\u0259xt g\u0259l\u0259c\u0259yin\u0259 hesablanan \u00e7ox m\u00fch\u00fcm t\u0259\u015f\u0259bb\u00fcsl\u0259r ir\u0259li s\u00fcr\u0259r\u0259k va\u00accib add\u0131mlar atmas\u0131 haqq\u0131nda g\u00f6r\u00fc\u015f i\u015ftirak\u00e7\u0131lar\u0131 m\u0259lumatland\u0131r\u0131blar.<\/p>\n<p>\u00c7\u0131x\u0131\u015f ed\u0259n Neft\u00e7ala R\u0130H-in ba\u015f\u00e7\u0131s\u0131 Mirh\u0259s\u0259n Seyidov bildirib ki, 1918-ci il may\u0131n 28-d\u0259 Az\u0259rbaycan Xalq C\u00fcmhuriyy\u0259tinin Milli \u015euras\u0131 \u0130stiqlal B\u0259yamnam\u0259sini imzalamaqla Az\u0259rbaycan\u0131n m\u00fcst\u0259qilliyini d\u00fcnyaya b\u0259yan ed\u0259r\u0259k xalq\u0131m\u0131z\u0131n \u00e7ox\u0259srlik d\u00f6vl\u0259t\u00e7ilik \u0259n\u0259n\u0259l\u0259ri davam etdirib.  \u0130kinci tarixi imkan bir d\u0259 70 il sonra yaran\u0131b v\u0259 Sovet imperiyas\u0131n\u0131n da\u011f\u0131lmas\u0131 Az\u0259rbaycan xalq\u0131na \u00f6z milli m\u00fcst\u0259qilliyini b\u0259rpa etm\u0259k imkan\u0131 verib. 1991-ci il oktyabr\u0131n 18-d\u0259 Az\u0259rbaycan Respublikas\u0131 Ali Sovetinin sessiyas\u0131nda &#8220;Az\u0259rbaycan\u0131n d\u00f6vl\u0259t m\u00fcst\u0259qilliyi haqq\u0131nda Konstitusiya Akt\u0131&#8221; q\u0259bul olunub. Bu m\u00fch\u00fcm tarixi s\u0259n\u0259dl\u0259 xalq\u0131m\u0131z uzun ill\u0259rd\u0259n b\u0259ri h\u0259sr\u0259tind\u0259 oldu\u011fu azadl\u0131\u011f\u0131na qovu\u015fub. M\u00fcst\u0259qillik haqq\u0131nda akt\u0131n q\u0259bul olunmas\u0131n\u0131n 32-ci il d\u00f6n\u00fcm\u00fcnd\u0259 biz  h\u0259m m\u00fcst\u0259qilliyimizin b\u0259rpas\u0131n\u0131n 32-ci il d\u00f6n\u00fcm\u00fcn\u00fc , h\u0259m d\u0259 44 g\u00fcnl\u00fck V\u0259t\u0259n m\u00fcharib\u0259sinin, torpaqlar\u0131m\u0131z\u0131n azad edilm\u0259sinin 3-c\u00fc ild\u00f6n\u00fcm\u00fcn\u00fc qeyd edirik. D\u00f6vl\u0259t m\u00fcst\u0259qilliyinin \u0259ld\u0259 edilm\u0259si xalq\u0131m\u0131z\u0131n \u0259n b\u00f6y\u00fck nailiyy\u0259tl\u0259rind\u0259n biridir. \u018fld\u0259 edil\u0259n m\u00fcst\u0259qilliyin, v\u0259t\u0259nda\u015f birliyinin, h\u0259mr\u0259yliyin, sabitliyin qorunub saxlan\u0131lmas\u0131, Az\u0259rbaycan\u0131n m\u00fcst\u0259qil d\u00f6vl\u0259t olaraq d\u00fcnya d\u00f6vl\u0259tl\u0259ri aras\u0131nda rolunun v\u0259 n\u00fcfuzunun m\u00f6hk\u0259ml\u0259ndirilm\u0259si m\u0259hz \u00dcmummilli lider Heyd\u0259r \u018fliyevin ad\u0131 il\u0259 ba\u011fl\u0131d\u0131r. M\u00f6ht\u0259r\u0259m Prezidentimiz, M\u00fcz\u0259ff\u0259r Ali Ba\u015f Komandan c\u0259nab \u0130lham \u018fliyevin r\u0259hb\u0259rliyi alt\u0131nda regionun lider d\u00f6vl\u0259ti kimi beyn\u0259lxalq n\u00fcfuzunu v\u0259 iqtisadi q\u00fcdr\u0259tini art\u0131ran \u00f6lk\u0259mizd\u0259 iqtisadiyyat\u0131n dinamik inki\u015faf\u0131 t\u0259min edilib, \u0259halinin h\u0259yat s\u0259viyy\u0259si yax\u015f\u0131la\u015fd\u0131r\u0131lib, respublikam\u0131z\u0131n m\u00fcdaf\u0131\u0259 q\u00fcdr\u0259tinin art\u0131r\u0131lmas\u0131 sah\u0259sind\u0259 b\u00f6y\u00fck u\u011furlara nail olunub v\u0259 m\u00fcst\u0259qilliyimiz daha da m\u00f6hk\u0259ml\u0259nib. D\u00f6vl\u0259t\u00e7iliyin m\u00f6hk\u0259ml\u0259ndirilm\u0259sin\u0259, iqtisadiyyat\u0131n inki\u015faf\u0131na, milli-m\u0259n\u0259vi d\u0259y\u0259rl\u0259rin qorunub saxlan\u0131lmas\u0131na \u00dcmummilli Lider Heyd\u0259r \u018fliyevin siyasi x\u0259tti M\u00fcz\u0259ff\u0259r Ali Ba\u015f Komandan c\u0259nab \u0130lham \u018fliyev t\u0259r\u0259find\u0259n u\u011furla davam etdirilir. Bu ilin 19-20 sentyabr lokal antiterror t\u0259dbirl\u0259ri zaman\u0131 ordumuzun q\u00fcdr\u0259ti bir daha \u00f6z\u00fcn\u00fc g\u00f6st\u0259rdi v\u0259 Prezident c\u0259nab \u0130lham \u018fliyevin tap\u015f\u0131r\u0131qlar\u0131na uy\u011fun olaraq torpaqla\u0131rm\u0131zdak\u0131 terror\u00e7u qruplar z\u0259r\u0259rsizl\u0259\u015fdirildi, suverenliyimiz tam b\u0259rpa olundu.<\/p>\n<p>T\u0259dbirin sonunda \u201cHeyd\u0259r \u018fliyev M\u00fcasir v\u0259 M\u00fcst\u0259qil Az\u0259rbaycan\u0131n qoruyucudur\u201d adl\u0131  video\u00e7arx g\u00f6r\u00fc\u015f i\u015ftirak\u00e7\u0131lar\u0131 t\u0259r\u0259find\u0259n izl\u0259nilib.&#13;<br \/>\n        &#13;<br \/>\n&#13;<br \/>\n        &#13;<br \/>\n&#13;\n        <\/p>\n<p><noscript><\/p>\n<p>You must enable Javascript on your browser for the site to work optimally and display sections completely.<\/p>\n<p><\/noscript>\t\t&#13;<br \/>\n\t\t&#13;\n    <\/div>\n<p><script type=\"text\/javascript\">jQuery(document).ready(function () {\n(function(d, s, id) {\n    var js, fjs = d.getElementsByTagName(s)[0];\n    if (d.getElementById(id))\n        return;\n    js = d.createElement(s);\n    js.id = id;\n    js.src = \"\/\/connect.facebook.net\/az_AZ\/all.js#xfbml=1&appId=1002485763137712\";\n    fjs.parentNode.insertBefore(js, fjs);\n}(document, 'script', 'facebook-jssdk'));                \n$('.fancybox').fancybox();\n});<\/script><\/p>\n","protected":false},"excerpt":{"rendered":"<p>&#13; &#13; Neft\u00e7ala rayonunda \u201cTarix yazan \u0259b\u0259diya\u015far lider\u201d m\u00f6vzusunda d\u0259yirmi masa ke\u00e7irilib v\u0259 \u201cM\u00fcst\u0259qilliyin B\u0259rpas\u0131 G\u00fcn\u00fc\u201d geni\u015f formada qeyd olunub. Millinews.az-\u0131n m\u0259lumat\u0131na g\u00f6r\u0259, d\u0259yirmi masada Neft\u00e7ala Rayon \u0130cra Hakimiyy\u0259tinin ba\u015f\u00e7\u0131s\u0131 Mirh\u0259s\u0259n Seyidov, Tarix \u00fczr\u0259 f\u0259ls\u0259f\u0259 doktoru, dosent S\u00fcbhan Tal\u0131bl\u0131, R\u0130H-in m\u0259sul \u015f\u0259xsl\u0259ri, h\u00fcquq-m\u00fchafiz\u0259 orqanlar\u0131n\u0131n, Yeni Az\u0259rbaycan Partiyas\u0131 Neft\u00e7ala rayon t\u0259\u015fkilat\u0131n\u0131n, idar\u0259, m\u00fc\u0259ssis\u0259, t\u0259\u015fkilatlar\u0131n r\u0259hb\u0259rl\u0259ri, din &hellip;<\/p>\n","protected":false},"author":1,"featured_media":3838,"comment_status":"open","ping_status":"closed","sticky":false,"template":"","format":"standard","meta":{"footnotes":""},"categories":[9],"tags":[],"class_list":["post-3837","post","type-post","status-publish","format-standard","has-post-thumbnail","hentry","category-xeber"],"_links":{"self":[{"href":"https:\/\/millitv.net\/index.php?rest_route=\/wp\/v2\/posts\/3837","targetHints":{"allow":["GET"]}}],"collection":[{"href":"https:\/\/millitv.net\/index.php?rest_route=\/wp\/v2\/posts"}],"about":[{"href":"https:\/\/millitv.net\/index.php?rest_route=\/wp\/v2\/types\/post"}],"author":[{"embeddable":true,"href":"https:\/\/millitv.net\/index.php?rest_route=\/wp\/v2\/users\/1"}],"replies":[{"embeddable":true,"href":"https:\/\/millitv.net\/index.php?rest_route=%2Fwp%2Fv2%2Fcomments&post=3837"}],"version-history":[{"count":0,"href":"https:\/\/millitv.net\/index.php?rest_route=\/wp\/v2\/posts\/3837\/revisions"}],"wp:featuredmedia":[{"embeddable":true,"href":"https:\/\/millitv.net\/index.php?rest_route=\/wp\/v2\/media\/3838"}],"wp:attachment":[{"href":"https:\/\/millitv.net\/index.php?rest_route=%2Fwp%2Fv2%2Fmedia&parent=3837"}],"wp:term":[{"taxonomy":"category","embeddable":true,"href":"https:\/\/millitv.net\/index.php?rest_route=%2Fwp%2Fv2%2Fcategories&post=3837"},{"taxonomy":"post_tag","embeddable":true,"href":"https:\/\/millitv.net\/index.php?rest_route=%2Fwp%2Fv2%2Ftags&post=3837"}],"curies":[{"name":"wp","href":"https:\/\/api.w.org\/{rel}","templated":true}]}}