{"id":3830,"date":"2023-10-21T14:48:07","date_gmt":"2023-10-21T14:48:07","guid":{"rendered":"https:\/\/millinews.az\/xeber\/fransa-zulmun%C9%99-qarsi-rossiya-24-bakidan-videosujet-yayimladi\/"},"modified":"2023-10-21T14:48:07","modified_gmt":"2023-10-21T14:48:07","slug":"fransa-zulmun%C9%99-qarsi-rossiya-24-bakidan-videosujet-yayimladi","status":"publish","type":"post","link":"https:\/\/millitv.net\/?p=3830","title":{"rendered":"Fransa z\u00fclm\u00fcn\u0259 qar\u015f\u0131: &#8220;Rossiya 24&#8221; Bak\u0131dan videos\u00fcjet yay\u0131mlad\u0131"},"content":{"rendered":"<p><img decoding=\"async\" src=\"https:\/\/Millinews.az\/storage\/2023\/10\/21\/fotojet_-_2023-10-21t180317.374.jpg\" alt=\"\" title=\"\"><\/p>\n<div id=\"mvp-content-main\">\n<p><strong>\u201cFransa m\u00fcxt\u0259lif regionlarda geosiyasi intriqalar yaratmaqla m\u0259\u015f\u011fuldur\u201d.<\/strong><\/p>\n<p>Az\u0259rbaycan Prezidenti <strong>\u0130lham \u018fliyevin<\/strong> bu s\u00f6zl\u0259ri Bak\u0131da Fransan\u0131n m\u00fcst\u0259ml\u0259k\u0259 siyas\u0259tin\u0259 qar\u015f\u0131 t\u0259\u015fkil edil\u0259n \u201cNeokolonializm: \u0130nsan haqlar\u0131n\u0131n pozulmas\u0131 v\u0259 \u0259dal\u0259tsizlik\u201d m\u00f6vzusunda beyn\u0259lxalq konfransda s\u0259sl\u0259ndirilib.<\/p>\n<p>Rusiyan\u0131n \u201cRossiya 24\u201d telekanal\u0131 bununla ba\u011fl\u0131 videos\u00fcjet t\u0259qdim edib.<\/p>\n<p>Bildirilib ki, Bak\u0131 t\u0259\u015f\u0259bb\u00fcs qrupu t\u0259r\u0259find\u0259n t\u0259\u015fkil olunan t\u0259dbird\u0259 m\u00fcxt\u0259lif \u00f6lk\u0259l\u0259rin, o c\u00fcml\u0259d\u0259n Fransan\u0131n d\u0259niza\u015f\u0131r\u0131 \u0259razil\u0259rinin n\u00fcmay\u0259nd\u0259l\u0259ri i\u015ftirak edib.<\/p>\n<p>Qeyd ed\u0259k ki, \u201cNeokolonializm: \u0130nsan haqlar\u0131n\u0131n pozulmas\u0131 v\u0259 \u0259dal\u0259tsizlik\u201d m\u00f6vzusunda beyn\u0259lxalq konfransda \u00e7\u0131x\u0131\u015f ed\u0259n Afrikadak\u0131 ke\u00e7mi\u015f Fransa m\u00fcst\u0259ml\u0259k\u0259l\u0259rinin, Fransan\u0131n d\u0259niza\u015f\u0131r\u0131 \u0259razil\u0259rinin v\u0259 Korsikan\u0131n n\u00fcmay\u0259nd\u0259l\u0259ri Fransan\u0131 ke\u00e7mi\u015f m\u00fcst\u0259ml\u0259k\u0259 d\u00f6vl\u0259tl\u0259rinin daxili i\u015fl\u0259rin\u0259 qar\u0131\u015fmaqda g\u00fcnahland\u0131r\u0131blar. Eyni zamanda, Fransan\u0131n m\u00fcst\u0259ml\u0259k\u0259si alt\u0131nda olan d\u00f6vl\u0259tl\u0259rd\u0259, \u0259razil\u0259rd\u0259 apard\u0131\u011f\u0131 etnik t\u0259mizl\u0259m\u0259, insan haqlar\u0131n\u0131n ciddi \u015f\u0259kild\u0259 pozulmas\u0131 faktlar\u0131 diqq\u0259t\u0259 \u00e7atd\u0131r\u0131l\u0131b.<\/p>\n<p>Daha \u0259trafl\u0131 videos\u00fcjetd\u0259:<\/p>\n<p><iframe loading=\"lazy\" allow=\"autoplay; encrypted-media\" allowfullscreen=\"\" frameborder=\"0\" height=\"450\" src=\"https:\/\/baku.tv\/embed\/103975\" width=\"100%\"><\/iframe><\/p>\n<\/p><\/div>\n<p><script>\n        (function (d, s, id) {\n            var js, fjs = d.getElementsByTagName(s)[0];\n            if (d.getElementById(id)) return;\n            js = d.createElement(s);\n            js.id = id;\n            js.src = \"\/\/connect.facebook.net\/az_AZ\/sdk.js#xfbml=1&version=v2.7&appId=\";\n            fjs.parentNode.insertBefore(js, fjs);\n        }(document, 'script', 'facebook-jssdk'));\n    <\/script><\/p>\n","protected":false},"excerpt":{"rendered":"<p>\u201cFransa m\u00fcxt\u0259lif regionlarda geosiyasi intriqalar yaratmaqla m\u0259\u015f\u011fuldur\u201d. Az\u0259rbaycan Prezidenti \u0130lham \u018fliyevin bu s\u00f6zl\u0259ri Bak\u0131da Fransan\u0131n m\u00fcst\u0259ml\u0259k\u0259 siyas\u0259tin\u0259 qar\u015f\u0131 t\u0259\u015fkil edil\u0259n \u201cNeokolonializm: \u0130nsan haqlar\u0131n\u0131n pozulmas\u0131 v\u0259 \u0259dal\u0259tsizlik\u201d m\u00f6vzusunda beyn\u0259lxalq konfransda s\u0259sl\u0259ndirilib. Rusiyan\u0131n \u201cRossiya 24\u201d telekanal\u0131 bununla ba\u011fl\u0131 videos\u00fcjet t\u0259qdim edib. Bildirilib ki, Bak\u0131 t\u0259\u015f\u0259bb\u00fcs qrupu t\u0259r\u0259find\u0259n t\u0259\u015fkil olunan t\u0259dbird\u0259 m\u00fcxt\u0259lif \u00f6lk\u0259l\u0259rin, o c\u00fcml\u0259d\u0259n Fransan\u0131n d\u0259niza\u015f\u0131r\u0131 \u0259razil\u0259rinin &hellip;<\/p>\n","protected":false},"author":1,"featured_media":3831,"comment_status":"open","ping_status":"closed","sticky":false,"template":"","format":"standard","meta":{"footnotes":""},"categories":[9],"tags":[],"class_list":["post-3830","post","type-post","status-publish","format-standard","has-post-thumbnail","hentry","category-xeber"],"_links":{"self":[{"href":"https:\/\/millitv.net\/index.php?rest_route=\/wp\/v2\/posts\/3830","targetHints":{"allow":["GET"]}}],"collection":[{"href":"https:\/\/millitv.net\/index.php?rest_route=\/wp\/v2\/posts"}],"about":[{"href":"https:\/\/millitv.net\/index.php?rest_route=\/wp\/v2\/types\/post"}],"author":[{"embeddable":true,"href":"https:\/\/millitv.net\/index.php?rest_route=\/wp\/v2\/users\/1"}],"replies":[{"embeddable":true,"href":"https:\/\/millitv.net\/index.php?rest_route=%2Fwp%2Fv2%2Fcomments&post=3830"}],"version-history":[{"count":0,"href":"https:\/\/millitv.net\/index.php?rest_route=\/wp\/v2\/posts\/3830\/revisions"}],"wp:featuredmedia":[{"embeddable":true,"href":"https:\/\/millitv.net\/index.php?rest_route=\/wp\/v2\/media\/3831"}],"wp:attachment":[{"href":"https:\/\/millitv.net\/index.php?rest_route=%2Fwp%2Fv2%2Fmedia&parent=3830"}],"wp:term":[{"taxonomy":"category","embeddable":true,"href":"https:\/\/millitv.net\/index.php?rest_route=%2Fwp%2Fv2%2Fcategories&post=3830"},{"taxonomy":"post_tag","embeddable":true,"href":"https:\/\/millitv.net\/index.php?rest_route=%2Fwp%2Fv2%2Ftags&post=3830"}],"curies":[{"name":"wp","href":"https:\/\/api.w.org\/{rel}","templated":true}]}}