{"id":3814,"date":"2023-10-21T13:38:04","date_gmt":"2023-10-21T13:38:04","guid":{"rendered":"https:\/\/millinews.az\/xeber\/az%C9%99rbaycanin-iki-%C9%99sas-h%C9%99d%C9%99fi-var-biri-z%C9%99ng%C9%99zur-dig%C9%99ri\/"},"modified":"2023-10-21T13:38:04","modified_gmt":"2023-10-21T13:38:04","slug":"az%C9%99rbaycanin-iki-%C9%99sas-h%C9%99d%C9%99fi-var-biri-z%C9%99ng%C9%99zur-dig%C9%99ri","status":"publish","type":"post","link":"https:\/\/millitv.net\/?p=3814","title":{"rendered":"Az\u0259rbaycan\u0131n iki \u0259sas h\u0259d\u0259fi var, biri Z\u0259ng\u0259zur, dig\u0259ri&#8230;"},"content":{"rendered":"<div id=\"maincontent\">&#13;<br \/>\n        &#13;<\/p>\n<p><strong\/><strong>\u201cZ\u0259ng\u0259zur d\u0259hlizi nec\u0259 adland\u0131rma\u011f\u0131m\u0131zdan as\u0131l\u0131 olmayaraq olacaq. Yol v\u0259 ya d\u0259hliz adland\u0131r\u0131n, f\u0259rq etm\u0259z. Bunlar\u0131n ham\u0131s\u0131 texniki m\u0259s\u0259l\u0259l\u0259rdir. Onun realla\u015fmas\u0131 Az\u0259rbaycan\u0131n t\u0259zyiqind\u0259n v\u0259 ist\u0259yind\u0259n as\u0131l\u0131 olacaq\u201d.<\/strong><\/p>\n<p><a href=\"https:\/\/Millinews.az\" target=\"_blank\" class=\"kw-link\" rel=\"noopener\">Millinews.az<\/a> \u00d6lk\u0259.az-a istinad\u0259n x\u0259b\u0259r verir ki, bunu erm\u0259ni politoloq Aleksandr \u0130sg\u0259nd\u0259ryan deyib. Onun s\u00f6zl\u0259rin\u0259 g\u00f6r\u0259, Erm\u0259nistan bunu yol, Az\u0259rbaycan is\u0259 d\u0259hliz adland\u0131ra bil\u0259r:  &#13;\n<\/p>\n<p>\u201cReall\u0131q is\u0259 Az\u0259rbaycandan as\u0131ld\u0131r. Bununla ba\u011fl\u0131 strategiyas\u0131 nec\u0259 olacaq\u201d.<\/p>\n<p>Az\u0259rbaycan\u0131n h\u0259rbi m\u00fcdaxil\u0259 yolu il\u0259 Z\u0259ng\u0259zuru \u0259l\u0259 ke\u00e7irm\u0259si v\u0259 d\u0259hlizi a\u00e7mas\u0131 m\u0259s\u0259l\u0259sin\u0259 g\u0259ldikd\u0259 is\u0259 \u0130sg\u0259nd\u0259ryan deyib ki, Az\u0259rbaycan\u0131n t\u0259kc\u0259 m\u00fcharib\u0259 il\u0259 Erm\u0259nistana t\u0259zyiq edib d\u0259hlizi a\u00e7mas\u0131 \u00e7ox primitiv m\u0259s\u0259l\u0259dir: <\/p>\n<p>\u201cAz\u0259rbaycan\u0131n Z\u0259ng\u0259zur d\u0259hlizi il\u0259 ba\u011fl\u0131 kompleks strategiyas\u0131 var v\u0259 \u0259n m\u00fcxt\u0259lif vasit\u0259l\u0259rd\u0259n istifad\u0259 etm\u0259kl\u0259 buna nail olmaq ist\u0259yir. Bura diplomatiyadan, xarici g\u00fccl\u0259rd\u0259n, iqtisadiyyatdan tutmu\u015f h\u0259rbi-psixoloji t\u0259zyiq\u0259d\u0259k b\u00fct\u00fcn vasit\u0259l\u0259r daxildir. O bax\u0131mdan da burada s\u00f6hb\u0259t  t\u0259kc\u0259 birba\u015fa h\u0259rbi m\u00fcdaxil\u0259d\u0259n getmir. Y\u0259ni Az\u0259rbaycan\u0131n Erm\u0259nistana t\u0259zyiq etm\u0259si \u00fc\u00e7\u00fcn kifay\u0259t q\u0259d\u0259r imkanlar\u0131 m\u00f6vcuddur. Bir daha qeyd edir\u0259m ki, h\u0259r \u015fey Az\u0259rbaycan\u0131n ataca\u011f\u0131 add\u0131mdan as\u0131l\u0131d\u0131r. Bu da hadis\u0259l\u0259rin inki\u015faf\u0131ndan as\u0131l\u0131 olacaq. \u00c7\u00fcnki Az\u0259rbaycan\u0131n h\u0259d\u0259fin\u0259 nail olmaq \u00fc\u00e7\u00fcn strategiyas\u0131 b\u0259llidir. Erm\u0259nistan\u0131n i\u015fi is\u0259 prosesl\u0259rin arxas\u0131nda gedib reaksiya verm\u0259kdir\u201d. <\/p>\n<p>\u0130srail-F\u0259l\u0259stin m\u00fcnaqi\u015f\u0259sinin b\u00f6lg\u0259y\u0259 t\u0259siri v\u0259 Az\u0259rbaycan\u0131n t\u0259zyiq vasit\u0259si kimi, h\u0259rbi \u0259m\u0259liyyata \u0259l atmas\u0131na g\u0259ldikd\u0259 erm\u0259ni politoloq deyib ki, ba\u015f ver\u0259nl\u0259rin b\u00f6lg\u0259y\u0259 o q\u0259d\u0259r d\u0259 t\u0259sir ed\u0259c\u0259yini d\u00fc\u015f\u00fcnm\u00fcr:<\/p>\n<p> \u201cAmma bir daha t\u0259krar edir\u0259m ki, Az\u0259rbaycan \u00fc\u00e7\u00fcn h\u0259rbi \u0259m\u0259liyyatlara ba\u015flamaq texniki m\u0259s\u0259l\u0259dir. Haz\u0131r v\u0259ziyy\u0259td\u0259dir v\u0259 ist\u0259nil\u0259n vaxt ba\u015falaya bil\u0259r. Burada h\u0259r hans\u0131 problem yoxdur. Burada siyasi m\u0259qamlar var. Qaraba\u011fdan f\u0259rqli olaraq Erm\u0259nistan \u0259n az\u0131ndan r\u0259smi tan\u0131nan m\u00fcst\u0259qil d\u00f6vl\u0259tdir. M\u0259s\u0259l\u0259 bundad\u0131r. Amma bu da ke\u00e7il\u0259n m\u0259s\u0259l\u0259dir. D\u00fcnyada o q\u0259d\u0259r bel\u0259 faktlar var ki\u2026 Y\u0259ni bu Az\u0259rbaycan\u0131n ist\u0259yind\u0259n v\u0259 yaranm\u0131\u015f v\u0259ziyy\u0259td\u0259n as\u0131l\u0131 olacaq. Lakin Az\u0259rbaycan h\u0259rbi g\u00fccd\u0259n t\u0259zyiq vasit\u0259si kimi istifad\u0259 ed\u0259c\u0259yi istisna deyil\u201d. <\/p>\n<p>S\u00fclh m\u00fcqavil\u0259sin\u0259 g\u0259ldikd\u0259 politoloq deyib ki, bu g\u00fcn Az\u0259rbaycan\u0131n qar\u015f\u0131s\u0131nda \u0259sas iki h\u0259d\u0259f var, bunlardan biri s\u00fclh sazi\u015fi, ikincisi is\u0259 Z\u0259ng\u0259zur d\u0259hlizidir: <\/p>\n<p>\u201cS\u00fclh sazi\u015fi Bak\u0131n\u0131n \u015f\u0259rtl\u0259rin\u0259 uy\u011fun olarsa, imzalanacaq. \u00c7\u00fcnki Bak\u0131n\u0131n bu m\u0259s\u0259l\u0259d\u0259 \u0130r\u0259vana g\u00fcz\u0259\u015ft\u0259 getm\u0259k niyy\u0259ti v\u0259 bunun \u00fc\u00e7\u00fcn d\u0259 el\u0259 bir \u0259sas\u0131 da yoxdur. He\u00e7 Erm\u0259nistan daxilind\u0259 ona m\u00fcqavim\u0259t g\u00f6st\u0259r\u0259 bil\u0259c\u0259k q\u00fcvv\u0259 d\u0259 yoxdur. Bundan \u0259lav\u0259 olaraq Erm\u0259nistandan f\u0259rqli olaraq Az\u0259rbaycan m\u00fcxt\u0259lif platformalardan istifad\u0259 etm\u0259kl\u0259 m\u0259qs\u0259din\u0259 nail olmaq imkanlar\u0131na malikdir. Az\u0259rbaycan m\u0259qs\u0259din\u0259 nail olmaq \u00fc\u00e7\u00fcn hans\u0131sa g\u00fccl\u0259r v\u0259 yaxud \u015e\u0259rql\u0259 Q\u0259rb aras\u0131nda se\u00e7im etmir. Az\u0259rbaycan \u00f6z maraqlar\u0131n\u0131 t\u0259min etm\u0259k \u00fc\u00e7\u00fcn imkanlar\u0131 daxilind\u0259  Avropadak\u0131, AB\u015e-d\u0259ki aktorlarla, h\u0259m\u00e7inin T\u00fcrkiy\u0259, Rusiya v\u0259 sairl\u0259ri il\u0259 i\u015fl\u0259yib h\u0259d\u0259fin\u0259 nail olmaq ist\u0259yir. Kiminl\u0259s\u0259 \u0259b\u0259di se\u00e7im etm\u0259y\u0259n Az\u0259rbaycan ham\u0131 il\u0259 i\u015fl\u0259m\u0259y\u0259 \u00fcst\u00fcnl\u00fck verir. Bu da onun avantaj\u0131d\u0131r\u201d. <\/p>\n<p>\u0130sg\u0259nd\u0259ryan son olaraq onu da qeyd edib ki, Z\u0259ng\u0259zur d\u0259hlizinin a\u00e7\u0131lmas\u0131 Az\u0259rbaycan v\u0259 T\u00fcrkiy\u0259d\u0259n daha \u00e7ox, Rusiya \u00fc\u00e7\u00fcn h\u0259yati \u0259h\u0259miyy\u0259t k\u0259sb edir:<\/p>\n<p> \u201cRusiyan\u0131n bu g\u00fcn Avropaya \u00e7\u0131x\u0131\u015f\u0131 yaln\u0131z C\u0259nubi Qafqaz vasit\u0259si il\u0259 m\u00fcmk\u00fcnd\u00fcr. C\u0259nubi Qafqaz dem\u0259k, Az\u0259rbaycan dem\u0259kdir. Ona g\u00f6r\u0259 d\u0259 Erm\u0259nistan\u0131n manevr imkanlar\u0131 m\u0259hduddur. Az\u0259rbaycan da yaranm\u0131\u015f situasiyadan \u00f6z maraqlar\u0131 \u00fc\u00e7\u00fcn faydalan\u0131r\u201d.&#13;<br \/>\n        &#13;<br \/>\n&#13;<br \/>\n        &#13;<br \/>\n&#13;\n        <\/p>\n<p><noscript><\/p>\n<p>You must enable Javascript on your browser for the site to work optimally and display sections completely.<\/p>\n<p><\/noscript>\t\t&#13;<br \/>\n\t\t&#13;\n    <\/div>\n<p><script type=\"text\/javascript\">jQuery(document).ready(function () {\n(function(d, s, id) {\n    var js, fjs = d.getElementsByTagName(s)[0];\n    if (d.getElementById(id))\n        return;\n    js = d.createElement(s);\n    js.id = id;\n    js.src = \"\/\/connect.facebook.net\/az_AZ\/all.js#xfbml=1&appId=1002485763137712\";\n    fjs.parentNode.insertBefore(js, fjs);\n}(document, 'script', 'facebook-jssdk'));                \n});<\/script><\/p>\n","protected":false},"excerpt":{"rendered":"<p>&#13; &#13; \u201cZ\u0259ng\u0259zur d\u0259hlizi nec\u0259 adland\u0131rma\u011f\u0131m\u0131zdan as\u0131l\u0131 olmayaraq olacaq. Yol v\u0259 ya d\u0259hliz adland\u0131r\u0131n, f\u0259rq etm\u0259z. Bunlar\u0131n ham\u0131s\u0131 texniki m\u0259s\u0259l\u0259l\u0259rdir. Onun realla\u015fmas\u0131 Az\u0259rbaycan\u0131n t\u0259zyiqind\u0259n v\u0259 ist\u0259yind\u0259n as\u0131l\u0131 olacaq\u201d. Millinews.az \u00d6lk\u0259.az-a istinad\u0259n x\u0259b\u0259r verir ki, bunu erm\u0259ni politoloq Aleksandr \u0130sg\u0259nd\u0259ryan deyib. Onun s\u00f6zl\u0259rin\u0259 g\u00f6r\u0259, Erm\u0259nistan bunu yol, Az\u0259rbaycan is\u0259 d\u0259hliz adland\u0131ra bil\u0259r: &#13; \u201cReall\u0131q is\u0259 Az\u0259rbaycandan &hellip;<\/p>\n","protected":false},"author":1,"featured_media":3815,"comment_status":"open","ping_status":"closed","sticky":false,"template":"","format":"standard","meta":{"footnotes":""},"categories":[9],"tags":[],"class_list":["post-3814","post","type-post","status-publish","format-standard","has-post-thumbnail","hentry","category-xeber"],"_links":{"self":[{"href":"https:\/\/millitv.net\/index.php?rest_route=\/wp\/v2\/posts\/3814","targetHints":{"allow":["GET"]}}],"collection":[{"href":"https:\/\/millitv.net\/index.php?rest_route=\/wp\/v2\/posts"}],"about":[{"href":"https:\/\/millitv.net\/index.php?rest_route=\/wp\/v2\/types\/post"}],"author":[{"embeddable":true,"href":"https:\/\/millitv.net\/index.php?rest_route=\/wp\/v2\/users\/1"}],"replies":[{"embeddable":true,"href":"https:\/\/millitv.net\/index.php?rest_route=%2Fwp%2Fv2%2Fcomments&post=3814"}],"version-history":[{"count":0,"href":"https:\/\/millitv.net\/index.php?rest_route=\/wp\/v2\/posts\/3814\/revisions"}],"wp:featuredmedia":[{"embeddable":true,"href":"https:\/\/millitv.net\/index.php?rest_route=\/wp\/v2\/media\/3815"}],"wp:attachment":[{"href":"https:\/\/millitv.net\/index.php?rest_route=%2Fwp%2Fv2%2Fmedia&parent=3814"}],"wp:term":[{"taxonomy":"category","embeddable":true,"href":"https:\/\/millitv.net\/index.php?rest_route=%2Fwp%2Fv2%2Fcategories&post=3814"},{"taxonomy":"post_tag","embeddable":true,"href":"https:\/\/millitv.net\/index.php?rest_route=%2Fwp%2Fv2%2Ftags&post=3814"}],"curies":[{"name":"wp","href":"https:\/\/api.w.org\/{rel}","templated":true}]}}