{"id":3790,"date":"2023-10-21T12:07:01","date_gmt":"2023-10-21T12:07:01","guid":{"rendered":"https:\/\/millinews.az\/xeber\/ceferin-t%C9%99r%C9%99f-tutdu-ukraynani-asagiladi\/"},"modified":"2023-10-21T12:07:01","modified_gmt":"2023-10-21T12:07:01","slug":"ceferin-t%C9%99r%C9%99f-tutdu-ukraynani-asagiladi","status":"publish","type":"post","link":"https:\/\/millitv.net\/?p=3790","title":{"rendered":"Ceferin t\u0259r\u0259f tutdu: Ukraynan\u0131 a\u015fa\u011f\u0131lad\u0131"},"content":{"rendered":"<p><img decoding=\"async\" src=\"https:\/\/Millinews.az\/storage\/2023\/04\/05\/ceferin.jpg\" alt=\"\" title=\"\"><\/p>\n<div id=\"mvp-content-main\">\n<p><strong>UEFA prezidenti Aleksander \u00c7eferin hesab edir ki, \u0130taliya komandas\u0131 Avro-2024-\u00fcn final hiss\u0259sind\u0259 olmal\u0131d\u0131r. <\/strong><\/p>\n<p><strong><a target=\"_blank\" href=\"https:\/\/Millinews.az\" rel=\"noopener\">Millinews.az<\/a><\/strong> x\u0259b\u0259r verir ki, Ceferin italyanlar\u0131n Ukrayna y\u0131\u011fmas\u0131na qalib g\u0259lm\u0259sini ist\u0259yir.<\/p>\n<p>\u201c\u0130taliya Avro-2024-\u0259 v\u0259siq\u0259 qazanmal\u0131d\u0131r, \u0259ks halda bu, f\u0259lak\u0259t olard\u0131. \u0130taliya \u00e7ox \u00f6n\u0259mlidir. D\u00fc\u015f\u00fcn\u00fcr\u0259m ki, \u0130taliya Ukraynaya qalib g\u0259l\u0259c\u0259k\u201d, &#8211; \u00c7eferin bildirib.<\/p>\n<p>Xat\u0131rladaq ki, Ukrayna v\u0259 \u0130taliya y\u0131\u011fmalar\u0131 AVRO-2024-\u00fcn se\u00e7m\u0259 m\u0259rh\u0259l\u0259sinin son m\u0259rh\u0259l\u0259sind\u0259 noyabr\u0131n 20-d\u0259 Almaniyan\u0131n Leverkuzen \u015f\u0259h\u0259rind\u0259 qar\u015f\u0131la\u015facaqlar.<\/p>\n<\/p><\/div>\n<p><script>\n        (function (d, s, id) {\n            var js, fjs = d.getElementsByTagName(s)[0];\n            if (d.getElementById(id)) return;\n            js = d.createElement(s);\n            js.id = id;\n            js.src = \"\/\/connect.facebook.net\/az_AZ\/sdk.js#xfbml=1&version=v2.7&appId=\";\n            fjs.parentNode.insertBefore(js, fjs);\n        }(document, 'script', 'facebook-jssdk'));\n    <\/script><\/p>\n","protected":false},"excerpt":{"rendered":"<p>UEFA prezidenti Aleksander \u00c7eferin hesab edir ki, \u0130taliya komandas\u0131 Avro-2024-\u00fcn final hiss\u0259sind\u0259 olmal\u0131d\u0131r. Millinews.az x\u0259b\u0259r verir ki, Ceferin italyanlar\u0131n Ukrayna y\u0131\u011fmas\u0131na qalib g\u0259lm\u0259sini ist\u0259yir. \u201c\u0130taliya Avro-2024-\u0259 v\u0259siq\u0259 qazanmal\u0131d\u0131r, \u0259ks halda bu, f\u0259lak\u0259t olard\u0131. \u0130taliya \u00e7ox \u00f6n\u0259mlidir. D\u00fc\u015f\u00fcn\u00fcr\u0259m ki, \u0130taliya Ukraynaya qalib g\u0259l\u0259c\u0259k\u201d, &#8211; \u00c7eferin bildirib. Xat\u0131rladaq ki, Ukrayna v\u0259 \u0130taliya y\u0131\u011fmalar\u0131 AVRO-2024-\u00fcn se\u00e7m\u0259 m\u0259rh\u0259l\u0259sinin son &hellip;<\/p>\n","protected":false},"author":1,"featured_media":3791,"comment_status":"open","ping_status":"closed","sticky":false,"template":"","format":"standard","meta":{"footnotes":""},"categories":[9],"tags":[],"class_list":["post-3790","post","type-post","status-publish","format-standard","has-post-thumbnail","hentry","category-xeber"],"_links":{"self":[{"href":"https:\/\/millitv.net\/index.php?rest_route=\/wp\/v2\/posts\/3790","targetHints":{"allow":["GET"]}}],"collection":[{"href":"https:\/\/millitv.net\/index.php?rest_route=\/wp\/v2\/posts"}],"about":[{"href":"https:\/\/millitv.net\/index.php?rest_route=\/wp\/v2\/types\/post"}],"author":[{"embeddable":true,"href":"https:\/\/millitv.net\/index.php?rest_route=\/wp\/v2\/users\/1"}],"replies":[{"embeddable":true,"href":"https:\/\/millitv.net\/index.php?rest_route=%2Fwp%2Fv2%2Fcomments&post=3790"}],"version-history":[{"count":0,"href":"https:\/\/millitv.net\/index.php?rest_route=\/wp\/v2\/posts\/3790\/revisions"}],"wp:featuredmedia":[{"embeddable":true,"href":"https:\/\/millitv.net\/index.php?rest_route=\/wp\/v2\/media\/3791"}],"wp:attachment":[{"href":"https:\/\/millitv.net\/index.php?rest_route=%2Fwp%2Fv2%2Fmedia&parent=3790"}],"wp:term":[{"taxonomy":"category","embeddable":true,"href":"https:\/\/millitv.net\/index.php?rest_route=%2Fwp%2Fv2%2Fcategories&post=3790"},{"taxonomy":"post_tag","embeddable":true,"href":"https:\/\/millitv.net\/index.php?rest_route=%2Fwp%2Fv2%2Ftags&post=3790"}],"curies":[{"name":"wp","href":"https:\/\/api.w.org\/{rel}","templated":true}]}}