{"id":3784,"date":"2023-10-21T11:38:51","date_gmt":"2023-10-21T11:38:51","guid":{"rendered":"https:\/\/millinews.az\/xeber\/fransa-moldovani-da-mudafi%C9%99-etm%C9%99k-ist%C9%99yir\/"},"modified":"2023-10-21T11:38:51","modified_gmt":"2023-10-21T11:38:51","slug":"fransa-moldovani-da-mudafi%C9%99-etm%C9%99k-ist%C9%99yir","status":"publish","type":"post","link":"https:\/\/millitv.net\/?p=3784","title":{"rendered":"Fransa Moldovan\u0131 da &#8220;m\u00fcdafi\u0259&#8221; etm\u0259k ist\u0259yir"},"content":{"rendered":"<p><img decoding=\"async\" src=\"https:\/\/Millinews.az\/storage\/2023\/10\/21\/65832aaf-ade0-4835-81b8-9aab640734e0.jpg\" alt=\"\" title=\"\"><\/p>\n<div id=\"mvp-content-main\">\n<p><strong>Moldova Respublikas\u0131 Fransa il\u0259 qeyri-m\u00fc\u0259yy\u0259n m\u00fcdd\u0259t\u0259 m\u00fcdafi\u0259 sah\u0259sind\u0259 yeni \u0259m\u0259kda\u015fl\u0131q m\u00fcqavil\u0259si ba\u011flayacaq.<\/strong><\/p>\n<p><strong><a target=\"_blank\" href=\"https:\/\/Millinews.az\" rel=\"noopener\">Millinews.az<\/a> <\/strong>x\u0259b\u0259r verir ki, bu bar\u0259d\u0259 Moldova parlamentinin Xarici siyas\u0259t v\u0259 Avropaya inteqrasiya komissiyas\u0131 q\u0259rar q\u0259bul edib. Xarici Siyas\u0259t v\u0259 Avropa \u0130nteqrasiya Komissiyas\u0131n\u0131n \u00fczvl\u0259ri bununla ba\u011fl\u0131 dan\u0131\u015f\u0131qlar\u0131n ba\u015flanmas\u0131na dair r\u0259yi t\u0259sdiql\u0259yibl\u0259r. M\u00fcdafi\u0259 sah\u0259sind\u0259 yeni sazi\u015fin ba\u011flanmas\u0131 t\u0259\u015f\u0259bb\u00fcs\u00fc Fransaya m\u0259xsusdur v\u0259 Ki\u015finyovda ke\u00e7iril\u0259n Avropa Siyasi Birliyinin 2023-c\u00fc il ikinci Sammitind\u0259n sonra ifad\u0259 olunub.<\/p>\n<p>Parlamentin m\u0259tbuat xidm\u0259tind\u0259n veril\u0259n m\u0259lumata g\u00f6r\u0259, 1998-ci ild\u0259 Moldova Respublikas\u0131n\u0131n M\u00fcdafi\u0259 Nazirliyi Fransa M\u00fcdafi\u0259 Nazirliyi il\u0259 eyni sah\u0259d\u0259 m\u00fcqavil\u0259 imzalay\u0131b. Lakin haz\u0131rda o, \u0259m\u0259kda\u015fl\u0131\u011f\u0131n b\u00fct\u00fcn aspektl\u0259rini \u0259hat\u0259 etmir v\u0259 kontekstd\u0259 yeni sazi\u015fin imzalanmas\u0131 t\u0259klif edilir.<\/p>\n<p>H\u0259m\u00e7inin, yeni sazi\u015f\u0259 \u0259sas\u0259n, hakimiyy\u0259t h\u0259r il ikit\u0259r\u0259fli \u0259m\u0259kda\u015fl\u0131q plan\u0131 haz\u0131rlayacaq. Bu planda h\u0259r\u0259k\u0259tl\u0259rin t\u0259f\u0259rr\u00fcatlar\u0131 v\u0259 onlar\u0131n h\u0259yata ke\u00e7irilm\u0259sind\u0259 i\u015ftirak ed\u0259n \u015f\u0259xsl\u0259rin say\u0131 daxildir.<\/p>\n<p>N\u0259zrin<\/p>\n<\/p><\/div>\n<p><script>\n        (function (d, s, id) {\n            var js, fjs = d.getElementsByTagName(s)[0];\n            if (d.getElementById(id)) return;\n            js = d.createElement(s);\n            js.id = id;\n            js.src = \"\/\/connect.facebook.net\/az_AZ\/sdk.js#xfbml=1&version=v2.7&appId=\";\n            fjs.parentNode.insertBefore(js, fjs);\n        }(document, 'script', 'facebook-jssdk'));\n    <\/script><\/p>\n","protected":false},"excerpt":{"rendered":"<p>Moldova Respublikas\u0131 Fransa il\u0259 qeyri-m\u00fc\u0259yy\u0259n m\u00fcdd\u0259t\u0259 m\u00fcdafi\u0259 sah\u0259sind\u0259 yeni \u0259m\u0259kda\u015fl\u0131q m\u00fcqavil\u0259si ba\u011flayacaq. Millinews.az x\u0259b\u0259r verir ki, bu bar\u0259d\u0259 Moldova parlamentinin Xarici siyas\u0259t v\u0259 Avropaya inteqrasiya komissiyas\u0131 q\u0259rar q\u0259bul edib. Xarici Siyas\u0259t v\u0259 Avropa \u0130nteqrasiya Komissiyas\u0131n\u0131n \u00fczvl\u0259ri bununla ba\u011fl\u0131 dan\u0131\u015f\u0131qlar\u0131n ba\u015flanmas\u0131na dair r\u0259yi t\u0259sdiql\u0259yibl\u0259r. M\u00fcdafi\u0259 sah\u0259sind\u0259 yeni sazi\u015fin ba\u011flanmas\u0131 t\u0259\u015f\u0259bb\u00fcs\u00fc Fransaya m\u0259xsusdur v\u0259 Ki\u015finyovda ke\u00e7iril\u0259n Avropa &hellip;<\/p>\n","protected":false},"author":1,"featured_media":3785,"comment_status":"open","ping_status":"closed","sticky":false,"template":"","format":"standard","meta":{"footnotes":""},"categories":[9],"tags":[],"class_list":["post-3784","post","type-post","status-publish","format-standard","has-post-thumbnail","hentry","category-xeber"],"_links":{"self":[{"href":"https:\/\/millitv.net\/index.php?rest_route=\/wp\/v2\/posts\/3784","targetHints":{"allow":["GET"]}}],"collection":[{"href":"https:\/\/millitv.net\/index.php?rest_route=\/wp\/v2\/posts"}],"about":[{"href":"https:\/\/millitv.net\/index.php?rest_route=\/wp\/v2\/types\/post"}],"author":[{"embeddable":true,"href":"https:\/\/millitv.net\/index.php?rest_route=\/wp\/v2\/users\/1"}],"replies":[{"embeddable":true,"href":"https:\/\/millitv.net\/index.php?rest_route=%2Fwp%2Fv2%2Fcomments&post=3784"}],"version-history":[{"count":0,"href":"https:\/\/millitv.net\/index.php?rest_route=\/wp\/v2\/posts\/3784\/revisions"}],"wp:featuredmedia":[{"embeddable":true,"href":"https:\/\/millitv.net\/index.php?rest_route=\/wp\/v2\/media\/3785"}],"wp:attachment":[{"href":"https:\/\/millitv.net\/index.php?rest_route=%2Fwp%2Fv2%2Fmedia&parent=3784"}],"wp:term":[{"taxonomy":"category","embeddable":true,"href":"https:\/\/millitv.net\/index.php?rest_route=%2Fwp%2Fv2%2Fcategories&post=3784"},{"taxonomy":"post_tag","embeddable":true,"href":"https:\/\/millitv.net\/index.php?rest_route=%2Fwp%2Fv2%2Ftags&post=3784"}],"curies":[{"name":"wp","href":"https:\/\/api.w.org\/{rel}","templated":true}]}}