{"id":3774,"date":"2023-10-21T11:10:49","date_gmt":"2023-10-21T11:10:49","guid":{"rendered":"https:\/\/millinews.az\/xeber\/planlar-var-iran-biz%C9%99-tapsirib-ki\/"},"modified":"2023-10-21T11:10:49","modified_gmt":"2023-10-21T11:10:49","slug":"planlar-var-iran-biz%C9%99-tapsirib-ki","status":"publish","type":"post","link":"https:\/\/millitv.net\/?p=3774","title":{"rendered":"Planlar var, \u0130ran biz\u0259 tap\u015f\u0131r\u0131b ki&#8230;"},"content":{"rendered":"<div id=\"maincontent\">&#13;<br \/>\n        &#13;<\/p>\n<p><strong>H\u018fMAS v\u0259 Livan Hizbullah\u0131 \u0130ran \u0130slam Respublikas\u0131n\u0131n qorunmas\u0131 \u00fc\u00e7\u00fcn birinci v\u0259 ikinci c\u0259bh\u0259l\u0259ridir.<\/strong><\/p>\n<p><span class=\"red\"><a href=\"https:\/\/Millinews.az\" target=\"_blank\" class=\"kw-link\" rel=\"noopener\">Millinews.az<\/a> &#8220;Axar.az&#8221;a<\/span> istinad\u0259n x\u0259b\u0259r verir ki, bunu F\u0259l\u0259stinin &#8220;\u0130slami Cihad&#8221; t\u0259\u015fkilat\u0131n\u0131n \u0130randak\u0131 n\u00fcmay\u0259nd\u0259si Nasir \u018fbu\u015f\u0259rif \u0130ran medias\u0131na m\u00fcsahib\u0259sind\u0259 bildirib. &#13;\n<\/p>\n<p>O bildirib ki, Xamenei h\u0259r iki t\u0259\u015fkilata \u0130srail qar\u015f\u0131s\u0131nda geri durmama\u011f\u0131 tap\u0131\u015f\u0131r\u0131b:<\/p>\n<p>&#8220;Hizbullah \u0130srail\u0259 qar\u015f\u0131 sava\u015fda t\u0259r\u0259fsiz deyil v\u0259 m\u00fcharib\u0259 il\u0259 ba\u011fl\u0131 hesablanm\u0131\u015f planlar\u0131 var\u201d.&#13;<br \/>\n        &#13;<br \/>\n&#13;<br \/>\n        &#13;<br \/>\n&#13;\n        <\/p>\n<p><noscript><\/p>\n<p>You must enable Javascript on your browser for the site to work optimally and display sections completely.<\/p>\n<p><\/noscript>\t\t&#13;<br \/>\n\t\t&#13;\n    <\/div>\n<p><script type=\"text\/javascript\">jQuery(document).ready(function () {\n(function(d, s, id) {\n    var js, fjs = d.getElementsByTagName(s)[0];\n    if (d.getElementById(id))\n        return;\n    js = d.createElement(s);\n    js.id = id;\n    js.src = \"\/\/connect.facebook.net\/az_AZ\/all.js#xfbml=1&appId=1002485763137712\";\n    fjs.parentNode.insertBefore(js, fjs);\n}(document, 'script', 'facebook-jssdk'));                \n});<\/script><\/p>\n","protected":false},"excerpt":{"rendered":"<p>&#13; &#13; H\u018fMAS v\u0259 Livan Hizbullah\u0131 \u0130ran \u0130slam Respublikas\u0131n\u0131n qorunmas\u0131 \u00fc\u00e7\u00fcn birinci v\u0259 ikinci c\u0259bh\u0259l\u0259ridir. Millinews.az &#8220;Axar.az&#8221;a istinad\u0259n x\u0259b\u0259r verir ki, bunu F\u0259l\u0259stinin &#8220;\u0130slami Cihad&#8221; t\u0259\u015fkilat\u0131n\u0131n \u0130randak\u0131 n\u00fcmay\u0259nd\u0259si Nasir \u018fbu\u015f\u0259rif \u0130ran medias\u0131na m\u00fcsahib\u0259sind\u0259 bildirib. &#13; O bildirib ki, Xamenei h\u0259r iki t\u0259\u015fkilata \u0130srail qar\u015f\u0131s\u0131nda geri durmama\u011f\u0131 tap\u0131\u015f\u0131r\u0131b: &#8220;Hizbullah \u0130srail\u0259 qar\u015f\u0131 sava\u015fda t\u0259r\u0259fsiz deyil v\u0259 m\u00fcharib\u0259 &hellip;<\/p>\n","protected":false},"author":1,"featured_media":3775,"comment_status":"open","ping_status":"closed","sticky":false,"template":"","format":"standard","meta":{"footnotes":""},"categories":[9],"tags":[],"class_list":["post-3774","post","type-post","status-publish","format-standard","has-post-thumbnail","hentry","category-xeber"],"_links":{"self":[{"href":"https:\/\/millitv.net\/index.php?rest_route=\/wp\/v2\/posts\/3774","targetHints":{"allow":["GET"]}}],"collection":[{"href":"https:\/\/millitv.net\/index.php?rest_route=\/wp\/v2\/posts"}],"about":[{"href":"https:\/\/millitv.net\/index.php?rest_route=\/wp\/v2\/types\/post"}],"author":[{"embeddable":true,"href":"https:\/\/millitv.net\/index.php?rest_route=\/wp\/v2\/users\/1"}],"replies":[{"embeddable":true,"href":"https:\/\/millitv.net\/index.php?rest_route=%2Fwp%2Fv2%2Fcomments&post=3774"}],"version-history":[{"count":0,"href":"https:\/\/millitv.net\/index.php?rest_route=\/wp\/v2\/posts\/3774\/revisions"}],"wp:featuredmedia":[{"embeddable":true,"href":"https:\/\/millitv.net\/index.php?rest_route=\/wp\/v2\/media\/3775"}],"wp:attachment":[{"href":"https:\/\/millitv.net\/index.php?rest_route=%2Fwp%2Fv2%2Fmedia&parent=3774"}],"wp:term":[{"taxonomy":"category","embeddable":true,"href":"https:\/\/millitv.net\/index.php?rest_route=%2Fwp%2Fv2%2Fcategories&post=3774"},{"taxonomy":"post_tag","embeddable":true,"href":"https:\/\/millitv.net\/index.php?rest_route=%2Fwp%2Fv2%2Ftags&post=3774"}],"curies":[{"name":"wp","href":"https:\/\/api.w.org\/{rel}","templated":true}]}}