{"id":3770,"date":"2023-10-21T11:02:06","date_gmt":"2023-10-21T11:02:06","guid":{"rendered":"https:\/\/millinews.az\/xeber\/boyuk-britaniyada-terror-akti-f%C9%99l%C9%99stin-ucun\/"},"modified":"2023-10-21T11:02:06","modified_gmt":"2023-10-21T11:02:06","slug":"boyuk-britaniyada-terror-akti-f%C9%99l%C9%99stin-ucun","status":"publish","type":"post","link":"https:\/\/millitv.net\/?p=3770","title":{"rendered":"B\u00f6y\u00fck Britaniyada terror akt\u0131: \u201cF\u0259l\u0259stin \u00fc\u00e7\u00fcn\u201d"},"content":{"rendered":"<p><img decoding=\"async\" src=\"https:\/\/Millinews.az\/storage\/2022\/10\/05\/terrorcu.jpg\" alt=\"\" title=\"\"><\/p>\n<div id=\"mvp-content-main\">\n<p><strong>Q\u0259zza zola\u011f\u0131nda \u00f6ld\u00fcr\u00fcl\u0259nl\u0259rin qisas\u0131n\u0131 almaq ist\u0259y\u0259n \u015f\u0259xs B\u00f6y\u00fck Britaniyada terror akt\u0131 t\u00f6r\u0259dib.<\/strong><\/p>\n<p><strong><a target=\"_blank\" href=\"https:\/\/Millinews.az\" rel=\"noopener\">Millinews.az<\/a><\/strong> x\u0259b\u0259r verir ki, bu bar\u0259d\u0259 \u201cThe Telegraph\u201d m\u0259lumat yay\u0131b.<\/p>\n<p>Qeyd olunur ki, 2020-ci ild\u0259 B\u00f6y\u00fck Britaniyaya g\u0259l\u0259n bir adam polis\u0259 bunu \u201cF\u0259l\u0259stin \u00fc\u00e7\u00fcn\u201d etdiyini deyib. Lakin n\u0259\u015frin qeyd etdiyi kimi, bu hadis\u0259 il\u0259 ba\u011fl\u0131 ictimaiyy\u0259t\u0259 m\u0259lumat verilm\u0259yib.<\/p>\n<p>Hadis\u0259nin t\u0259f\u0259rr\u00fcatlar\u0131 h\u00fcquqi s\u0259b\u0259bl\u0259r\u0259 g\u00f6r\u0259 ciddi \u015f\u0259kild\u0259 m\u0259hdudla\u015fd\u0131r\u0131l\u0131b, lakin haz\u0131rda h\u0259bsd\u0259 olan \u015f\u00fcbh\u0259li bunu &#8220;\u0130srail Q\u0259zzada u\u015faqlar\u0131 \u00f6ld\u00fcrd\u00fcy\u00fc&#8221; \u00fc\u00e7\u00fcn etdiyini bildirib.<\/p>\n<p>Y\u00fcks\u0259k r\u00fctb\u0259li siyas\u0259t\u00e7il\u0259r polis v\u0259 t\u0259hl\u00fck\u0259sizlik xidm\u0259tl\u0259rinin \u0130srail v\u0259 Q\u0259zza aras\u0131ndak\u0131 m\u00fcharib\u0259d\u0259n qaynaqlanan terror h\u00fccumlar\u0131na qar\u015f\u0131 y\u00fcks\u0259k haz\u0131rl\u0131q v\u0259ziyy\u0259tind\u0259 oldu\u011fu bir vaxtda, bu c\u00fcr m\u0259lumatlar\u0131n niy\u0259 ictimaiyy\u0259t\u0259 a\u00e7\u0131qlanmad\u0131\u011f\u0131n\u0131 sor\u011fulay\u0131rlar.<\/p>\n<p>Tural<\/p>\n<\/p><\/div>\n<p><script>\n        (function (d, s, id) {\n            var js, fjs = d.getElementsByTagName(s)[0];\n            if (d.getElementById(id)) return;\n            js = d.createElement(s);\n            js.id = id;\n            js.src = \"\/\/connect.facebook.net\/az_AZ\/sdk.js#xfbml=1&version=v2.7&appId=\";\n            fjs.parentNode.insertBefore(js, fjs);\n        }(document, 'script', 'facebook-jssdk'));\n    <\/script><\/p>\n","protected":false},"excerpt":{"rendered":"<p>Q\u0259zza zola\u011f\u0131nda \u00f6ld\u00fcr\u00fcl\u0259nl\u0259rin qisas\u0131n\u0131 almaq ist\u0259y\u0259n \u015f\u0259xs B\u00f6y\u00fck Britaniyada terror akt\u0131 t\u00f6r\u0259dib. Millinews.az x\u0259b\u0259r verir ki, bu bar\u0259d\u0259 \u201cThe Telegraph\u201d m\u0259lumat yay\u0131b. Qeyd olunur ki, 2020-ci ild\u0259 B\u00f6y\u00fck Britaniyaya g\u0259l\u0259n bir adam polis\u0259 bunu \u201cF\u0259l\u0259stin \u00fc\u00e7\u00fcn\u201d etdiyini deyib. Lakin n\u0259\u015frin qeyd etdiyi kimi, bu hadis\u0259 il\u0259 ba\u011fl\u0131 ictimaiyy\u0259t\u0259 m\u0259lumat verilm\u0259yib. Hadis\u0259nin t\u0259f\u0259rr\u00fcatlar\u0131 h\u00fcquqi s\u0259b\u0259bl\u0259r\u0259 g\u00f6r\u0259 &hellip;<\/p>\n","protected":false},"author":1,"featured_media":3771,"comment_status":"open","ping_status":"closed","sticky":false,"template":"","format":"standard","meta":{"footnotes":""},"categories":[9],"tags":[],"class_list":["post-3770","post","type-post","status-publish","format-standard","has-post-thumbnail","hentry","category-xeber"],"_links":{"self":[{"href":"https:\/\/millitv.net\/index.php?rest_route=\/wp\/v2\/posts\/3770","targetHints":{"allow":["GET"]}}],"collection":[{"href":"https:\/\/millitv.net\/index.php?rest_route=\/wp\/v2\/posts"}],"about":[{"href":"https:\/\/millitv.net\/index.php?rest_route=\/wp\/v2\/types\/post"}],"author":[{"embeddable":true,"href":"https:\/\/millitv.net\/index.php?rest_route=\/wp\/v2\/users\/1"}],"replies":[{"embeddable":true,"href":"https:\/\/millitv.net\/index.php?rest_route=%2Fwp%2Fv2%2Fcomments&post=3770"}],"version-history":[{"count":0,"href":"https:\/\/millitv.net\/index.php?rest_route=\/wp\/v2\/posts\/3770\/revisions"}],"wp:featuredmedia":[{"embeddable":true,"href":"https:\/\/millitv.net\/index.php?rest_route=\/wp\/v2\/media\/3771"}],"wp:attachment":[{"href":"https:\/\/millitv.net\/index.php?rest_route=%2Fwp%2Fv2%2Fmedia&parent=3770"}],"wp:term":[{"taxonomy":"category","embeddable":true,"href":"https:\/\/millitv.net\/index.php?rest_route=%2Fwp%2Fv2%2Fcategories&post=3770"},{"taxonomy":"post_tag","embeddable":true,"href":"https:\/\/millitv.net\/index.php?rest_route=%2Fwp%2Fv2%2Ftags&post=3770"}],"curies":[{"name":"wp","href":"https:\/\/api.w.org\/{rel}","templated":true}]}}