{"id":3760,"date":"2023-10-21T09:24:51","date_gmt":"2023-10-21T09:24:51","guid":{"rendered":"https:\/\/millinews.az\/xeber\/baki-t%C9%99s%C9%99bbus-qrupunun-ofisi-acildi\/"},"modified":"2023-10-21T09:24:51","modified_gmt":"2023-10-21T09:24:51","slug":"baki-t%C9%99s%C9%99bbus-qrupunun-ofisi-acildi","status":"publish","type":"post","link":"https:\/\/millitv.net\/?p=3760","title":{"rendered":"Bak\u0131 T\u0259\u015f\u0259bb\u00fcs Qrupunun ofisi a\u00e7\u0131ld\u0131"},"content":{"rendered":"<div id=\"maincontent\">&#13;<br \/>\n        &#13;<\/p>\n<p><strong>Bak\u0131 T\u0259\u015f\u0259bb\u00fcs Qrupunun Ofisinin a\u00e7\u0131l\u0131\u015f\u0131 olub.<\/strong><\/p>\n<p><a href=\"https:\/\/Millinews.az\" target=\"_blank\" class=\"kw-link\" rel=\"noopener\">Millinews.az<\/a> x\u0259b\u0259r verir ki, a\u00e7\u0131l\u0131\u015f m\u0259rasimind\u0259 T\u0259\u015f\u0259bb\u00fcs Qrupunun icra\u00e7\u0131 direktoru Abbas Abbasov, qurumun r\u0259smil\u0259ri, m\u00fcst\u0259ml\u0259k\u0259 alt\u0131nda ola regionlar\u0131n r\u0259smi \u015f\u0259xsl\u0259ri i\u015ftirak edib. &#13;\n<\/p>\n<p>Qeyd ed\u0259k ki, Bak\u0131 T\u0259\u015f\u0259bb\u00fcs Qrupunun ofisi &#8220;Winter Plaza&#8221;da yerl\u0259\u015fir.<\/p>\n<p>Xat\u0131rladaq ki, Fransa m\u00fcst\u0259ml\u0259k\u0259\u00e7iliyin\u0259 qar\u015f\u0131 Bak\u0131 T\u0259\u015f\u0259bb\u00fcs Qrupu iyulun 6-da Bak\u0131da Qo\u015fulmama H\u0259r\u0259kat\u0131n\u0131n \u018flaq\u0259l\u0259ndirm\u0259 Ofisinin Nazirl\u0259r Toplant\u0131s\u0131 \u00e7\u0259r\u00e7iv\u0259sind\u0259 yarad\u0131l\u0131b.<\/p>\n<p>Bak\u0131 T\u0259\u015f\u0259bb\u00fcs Qrupu Qo\u015fulmama H\u0259r\u0259kat\u0131n\u0131n m\u00fcst\u0259ml\u0259k\u0259\u00e7ilik v\u0259 yeni-m\u00fcst\u0259ml\u0259k\u0259\u00e7ilik t\u0259cr\u00fcb\u0259l\u0259rin\u0259 qar\u015f\u0131 m\u00fcbariz\u0259d\u0259 prinsipial m\u00f6vqeyinin \u0259sasl\u0131l\u0131\u011f\u0131n\u0131 v\u0259 aktuall\u0131\u011f\u0131n\u0131 t\u0259sdiql\u0259yib, Fransan\u0131n xaricd\u0259ki m\u00fcst\u0259ml\u0259k\u0259l\u0259rind\u0259 \u0259dal\u0259t v\u0259 azadl\u0131q u\u011frunda apard\u0131qlar\u0131 m\u00fcbariz\u0259d\u0259 \u00f6z h\u0259mr\u0259ylik \u015f\u0259b\u0259k\u0259l\u0259rini strukturla\u015fd\u0131rmaq bar\u0259d\u0259 raz\u0131l\u0131\u011fa g\u0259libl\u0259r.&#13;<br \/>\n        &#13;<br \/>\n&#13;<br \/>\n        &#13;<br \/>\n&#13;\n        <\/p>\n<p><noscript><\/p>\n<p>You must enable Javascript on your browser for the site to work optimally and display sections completely.<\/p>\n<p><\/noscript>\t\t&#13;<br \/>\n\t\t&#13;\n    <\/div>\n<p><script type=\"text\/javascript\">jQuery(document).ready(function () {\n(function(d, s, id) {\n    var js, fjs = d.getElementsByTagName(s)[0];\n    if (d.getElementById(id))\n        return;\n    js = d.createElement(s);\n    js.id = id;\n    js.src = \"\/\/connect.facebook.net\/az_AZ\/all.js#xfbml=1&appId=1002485763137712\";\n    fjs.parentNode.insertBefore(js, fjs);\n}(document, 'script', 'facebook-jssdk'));                \n});<\/script><\/p>\n","protected":false},"excerpt":{"rendered":"<p>&#13; &#13; Bak\u0131 T\u0259\u015f\u0259bb\u00fcs Qrupunun Ofisinin a\u00e7\u0131l\u0131\u015f\u0131 olub. Millinews.az x\u0259b\u0259r verir ki, a\u00e7\u0131l\u0131\u015f m\u0259rasimind\u0259 T\u0259\u015f\u0259bb\u00fcs Qrupunun icra\u00e7\u0131 direktoru Abbas Abbasov, qurumun r\u0259smil\u0259ri, m\u00fcst\u0259ml\u0259k\u0259 alt\u0131nda ola regionlar\u0131n r\u0259smi \u015f\u0259xsl\u0259ri i\u015ftirak edib. &#13; Qeyd ed\u0259k ki, Bak\u0131 T\u0259\u015f\u0259bb\u00fcs Qrupunun ofisi &#8220;Winter Plaza&#8221;da yerl\u0259\u015fir. Xat\u0131rladaq ki, Fransa m\u00fcst\u0259ml\u0259k\u0259\u00e7iliyin\u0259 qar\u015f\u0131 Bak\u0131 T\u0259\u015f\u0259bb\u00fcs Qrupu iyulun 6-da Bak\u0131da Qo\u015fulmama H\u0259r\u0259kat\u0131n\u0131n \u018flaq\u0259l\u0259ndirm\u0259 &hellip;<\/p>\n","protected":false},"author":1,"featured_media":3761,"comment_status":"open","ping_status":"closed","sticky":false,"template":"","format":"standard","meta":{"footnotes":""},"categories":[9],"tags":[],"class_list":["post-3760","post","type-post","status-publish","format-standard","has-post-thumbnail","hentry","category-xeber"],"_links":{"self":[{"href":"https:\/\/millitv.net\/index.php?rest_route=\/wp\/v2\/posts\/3760","targetHints":{"allow":["GET"]}}],"collection":[{"href":"https:\/\/millitv.net\/index.php?rest_route=\/wp\/v2\/posts"}],"about":[{"href":"https:\/\/millitv.net\/index.php?rest_route=\/wp\/v2\/types\/post"}],"author":[{"embeddable":true,"href":"https:\/\/millitv.net\/index.php?rest_route=\/wp\/v2\/users\/1"}],"replies":[{"embeddable":true,"href":"https:\/\/millitv.net\/index.php?rest_route=%2Fwp%2Fv2%2Fcomments&post=3760"}],"version-history":[{"count":0,"href":"https:\/\/millitv.net\/index.php?rest_route=\/wp\/v2\/posts\/3760\/revisions"}],"wp:featuredmedia":[{"embeddable":true,"href":"https:\/\/millitv.net\/index.php?rest_route=\/wp\/v2\/media\/3761"}],"wp:attachment":[{"href":"https:\/\/millitv.net\/index.php?rest_route=%2Fwp%2Fv2%2Fmedia&parent=3760"}],"wp:term":[{"taxonomy":"category","embeddable":true,"href":"https:\/\/millitv.net\/index.php?rest_route=%2Fwp%2Fv2%2Fcategories&post=3760"},{"taxonomy":"post_tag","embeddable":true,"href":"https:\/\/millitv.net\/index.php?rest_route=%2Fwp%2Fv2%2Ftags&post=3760"}],"curies":[{"name":"wp","href":"https:\/\/api.w.org\/{rel}","templated":true}]}}