{"id":3708,"date":"2023-10-21T04:39:06","date_gmt":"2023-10-21T04:39:06","guid":{"rendered":"https:\/\/millinews.az\/xeber\/erdogan-israill%C9%99-bagli-dunya-olk%C9%99l%C9%99rin%C9%99-cagiris-etdi\/"},"modified":"2023-10-21T04:39:06","modified_gmt":"2023-10-21T04:39:06","slug":"erdogan-israill%C9%99-bagli-dunya-olk%C9%99l%C9%99rin%C9%99-cagiris-etdi","status":"publish","type":"post","link":"https:\/\/millitv.net\/?p=3708","title":{"rendered":"\u018frdo\u011fan \u0130sraill\u0259 ba\u011fl\u0131 d\u00fcnya \u00f6lk\u0259l\u0259rin\u0259 \u00c7A\u011eIRI\u015e ETD\u0130"},"content":{"rendered":"<div id=\"maincontent\">&#13;<br \/>\n        &#13;<\/p>\n<p><strong>\u201cT\u0259hl\u00fck\u0259sizliyi u\u015faqlar\u0131n, qad\u0131nlar\u0131n v\u0259 m\u00fclki \u015f\u0259xsl\u0259rin q\u0259tliamlar\u0131, x\u0259st\u0259xanalar\u0131n, m\u0259kt\u0259bl\u0259rin, m\u0259scidl\u0259rin v\u0259 kils\u0259l\u0259rin bombalanmas\u0131 il\u0259 t\u0259min etm\u0259k olmaz\u201d. <br \/><\/strong><a href=\"https:\/\/Millinews.az\" target=\"_blank\" class=\"kw-link\" rel=\"noopener\">Millinews.az<\/a> x\u0259b\u0259r verir ki, bunu T\u00fcrkiy\u0259 Prezidenti R\u0259c\u0259bTayyib \u018frdo\u011fan deyib. <br \/>\u201c\u0130srail r\u0259hb\u0259rliyi \u00f6z s\u0259hvl\u0259rini d\u00fcz\u0259ltm\u0259y\u0259 \u00e7al\u0131\u015fan bir t\u0259\u015fkilat kimi v\u0259 regiondan k\u0259nar oyun\u00e7ular\u0131n t\u0259hriki il\u0259 h\u0259r\u0259k\u0259t edir. <br \/><q>\u0130srail h\u00f6kum\u0259tini dinc \u0259haliy\u0259 qar\u015f\u0131 h\u00fccumlar\u0131 art\u0131rmama\u011fa v\u0259 m\u0259hvetm\u0259 \u0259m\u0259liyyatlar\u0131n\u0131 dayand\u0131rma\u011fa \u00e7a\u011f\u0131r\u0131ram\u201d, \u2013 dey\u0259 T\u00fcrkiy\u0259 lideri qeyd edib. <\/q><br \/>\u018frdo\u011fan h\u0259m\u00e7inin b\u00fct\u00fcn d\u00f6vl\u0259tl\u0259ri v\u0259 beyn\u0259lxalq t\u0259\u015fkilatlar\u0131 Q\u0259zza zola\u011f\u0131nda humanitar at\u0259\u015fk\u0259sin tezlikl\u0259 b\u0259rq\u0259rar edilm\u0259si t\u0259\u015f\u0259bb\u00fcsl\u0259rini \u00fcr\u0259kd\u0259n d\u0259st\u0259kl\u0259m\u0259y\u0259 d\u0259v\u0259t edib.  &#13;<br \/>\n&#13;<br \/>\n        &#13;<br \/>\n&#13;<br \/>\n        &#13;<br \/>\n&#13;\n        <\/p>\n<p><noscript><\/p>\n<p>You must enable Javascript on your browser for the site to work optimally and display sections completely.<\/p>\n<p><\/noscript>\t\t&#13;<br \/>\n\t\t&#13;\n    <\/div>\n<p><script type=\"text\/javascript\">jQuery(document).ready(function () {\n(function(d, s, id) {\n    var js, fjs = d.getElementsByTagName(s)[0];\n    if (d.getElementById(id))\n        return;\n    js = d.createElement(s);\n    js.id = id;\n    js.src = \"\/\/connect.facebook.net\/az_AZ\/all.js#xfbml=1&appId=1002485763137712\";\n    fjs.parentNode.insertBefore(js, fjs);\n}(document, 'script', 'facebook-jssdk'));                \n});<\/script><\/p>\n","protected":false},"excerpt":{"rendered":"<p>&#13; &#13; \u201cT\u0259hl\u00fck\u0259sizliyi u\u015faqlar\u0131n, qad\u0131nlar\u0131n v\u0259 m\u00fclki \u015f\u0259xsl\u0259rin q\u0259tliamlar\u0131, x\u0259st\u0259xanalar\u0131n, m\u0259kt\u0259bl\u0259rin, m\u0259scidl\u0259rin v\u0259 kils\u0259l\u0259rin bombalanmas\u0131 il\u0259 t\u0259min etm\u0259k olmaz\u201d. Millinews.az x\u0259b\u0259r verir ki, bunu T\u00fcrkiy\u0259 Prezidenti R\u0259c\u0259bTayyib \u018frdo\u011fan deyib. \u201c\u0130srail r\u0259hb\u0259rliyi \u00f6z s\u0259hvl\u0259rini d\u00fcz\u0259ltm\u0259y\u0259 \u00e7al\u0131\u015fan bir t\u0259\u015fkilat kimi v\u0259 regiondan k\u0259nar oyun\u00e7ular\u0131n t\u0259hriki il\u0259 h\u0259r\u0259k\u0259t edir. \u0130srail h\u00f6kum\u0259tini dinc \u0259haliy\u0259 qar\u015f\u0131 h\u00fccumlar\u0131 art\u0131rmama\u011fa v\u0259 m\u0259hvetm\u0259 &hellip;<\/p>\n","protected":false},"author":1,"featured_media":3709,"comment_status":"open","ping_status":"closed","sticky":false,"template":"","format":"standard","meta":{"footnotes":""},"categories":[9],"tags":[],"class_list":["post-3708","post","type-post","status-publish","format-standard","has-post-thumbnail","hentry","category-xeber"],"_links":{"self":[{"href":"https:\/\/millitv.net\/index.php?rest_route=\/wp\/v2\/posts\/3708","targetHints":{"allow":["GET"]}}],"collection":[{"href":"https:\/\/millitv.net\/index.php?rest_route=\/wp\/v2\/posts"}],"about":[{"href":"https:\/\/millitv.net\/index.php?rest_route=\/wp\/v2\/types\/post"}],"author":[{"embeddable":true,"href":"https:\/\/millitv.net\/index.php?rest_route=\/wp\/v2\/users\/1"}],"replies":[{"embeddable":true,"href":"https:\/\/millitv.net\/index.php?rest_route=%2Fwp%2Fv2%2Fcomments&post=3708"}],"version-history":[{"count":0,"href":"https:\/\/millitv.net\/index.php?rest_route=\/wp\/v2\/posts\/3708\/revisions"}],"wp:featuredmedia":[{"embeddable":true,"href":"https:\/\/millitv.net\/index.php?rest_route=\/wp\/v2\/media\/3709"}],"wp:attachment":[{"href":"https:\/\/millitv.net\/index.php?rest_route=%2Fwp%2Fv2%2Fmedia&parent=3708"}],"wp:term":[{"taxonomy":"category","embeddable":true,"href":"https:\/\/millitv.net\/index.php?rest_route=%2Fwp%2Fv2%2Fcategories&post=3708"},{"taxonomy":"post_tag","embeddable":true,"href":"https:\/\/millitv.net\/index.php?rest_route=%2Fwp%2Fv2%2Ftags&post=3708"}],"curies":[{"name":"wp","href":"https:\/\/api.w.org\/{rel}","templated":true}]}}