{"id":3686,"date":"2023-10-21T01:35:58","date_gmt":"2023-10-21T01:35:58","guid":{"rendered":"https:\/\/millinews.az\/xeber\/bu-olk%C9%99-d%C9%99-livandaki-v%C9%99t%C9%99ndaslarina-muraci%C9%99t-etdi\/"},"modified":"2023-10-21T01:35:58","modified_gmt":"2023-10-21T01:35:58","slug":"bu-olk%C9%99-d%C9%99-livandaki-v%C9%99t%C9%99ndaslarina-muraci%C9%99t-etdi","status":"publish","type":"post","link":"https:\/\/millitv.net\/?p=3686","title":{"rendered":"Bu \u00f6lk\u0259 d\u0259 Livandak\u0131 v\u0259t\u0259nda\u015flar\u0131na m\u00fcraci\u0259t etdi"},"content":{"rendered":"<p><img decoding=\"async\" src=\"https:\/\/Millinews.az\/storage\/2023\/10\/21\/lebanese-flag-2.jpg\" alt=\"\" title=\"\"><\/p>\n<div id=\"mvp-content-main\">\n<p><strong>Niderland Xarici \u0130\u015fl\u0259r Nazirliyi \u00f6z v\u0259t\u0259nda\u015flar\u0131na Livana s\u0259f\u0259r etm\u0259m\u0259k bar\u0259d\u0259 x\u0259b\u0259rdarl\u0131q edib.<\/strong><\/p>\n<p><strong><a target=\"_blank\" href=\"https:\/\/Millinews.az\" rel=\"noopener\">Millinews.az<\/a><\/strong> x\u0259b\u0259r verir ki, Niderland Xarici \u0130\u015fl\u0259r Nazirliyi bu haqda \u201cX\u201d sosial media hesab\u0131nda payla\u015f\u0131m edib.<\/p>\n<p>A\u00e7\u0131qlamada Livana s\u0259yah\u0259t etm\u0259m\u0259y\u0259 \u00e7a\u011f\u0131r\u0131l\u0131b v\u0259 Niderland v\u0259t\u0259nda\u015flar\u0131na ticar\u0259t u\u00e7u\u015flar\u0131 davam ed\u0259rk\u0259n bu \u00f6lk\u0259ni m\u00fcmk\u00fcn q\u0259d\u0259r tez t\u0259rk etm\u0259l\u0259ri t\u00f6vsiy\u0259 edilib.<\/p>\n<p>H\u0259m\u00e7inin Livan\u0131 t\u0259rk etm\u0259m\u0259yi se\u00e7\u0259n Niderland v\u0259t\u0259nda\u015flar\u0131ndan Beyrutdak\u0131 s\u0259firlikl\u0259 \u0259laq\u0259 saxlamalar\u0131 v\u0259 f\u00f6vq\u0259lad\u0259 hallara haz\u0131r olmalar\u0131 ist\u0259nilib.<\/p>\n<\/p><\/div>\n<p><script>\n        (function (d, s, id) {\n            var js, fjs = d.getElementsByTagName(s)[0];\n            if (d.getElementById(id)) return;\n            js = d.createElement(s);\n            js.id = id;\n            js.src = \"\/\/connect.facebook.net\/az_AZ\/sdk.js#xfbml=1&version=v2.7&appId=\";\n            fjs.parentNode.insertBefore(js, fjs);\n        }(document, 'script', 'facebook-jssdk'));\n    <\/script><\/p>\n","protected":false},"excerpt":{"rendered":"<p>Niderland Xarici \u0130\u015fl\u0259r Nazirliyi \u00f6z v\u0259t\u0259nda\u015flar\u0131na Livana s\u0259f\u0259r etm\u0259m\u0259k bar\u0259d\u0259 x\u0259b\u0259rdarl\u0131q edib. Millinews.az x\u0259b\u0259r verir ki, Niderland Xarici \u0130\u015fl\u0259r Nazirliyi bu haqda \u201cX\u201d sosial media hesab\u0131nda payla\u015f\u0131m edib. A\u00e7\u0131qlamada Livana s\u0259yah\u0259t etm\u0259m\u0259y\u0259 \u00e7a\u011f\u0131r\u0131l\u0131b v\u0259 Niderland v\u0259t\u0259nda\u015flar\u0131na ticar\u0259t u\u00e7u\u015flar\u0131 davam ed\u0259rk\u0259n bu \u00f6lk\u0259ni m\u00fcmk\u00fcn q\u0259d\u0259r tez t\u0259rk etm\u0259l\u0259ri t\u00f6vsiy\u0259 edilib. H\u0259m\u00e7inin Livan\u0131 t\u0259rk etm\u0259m\u0259yi se\u00e7\u0259n Niderland &hellip;<\/p>\n","protected":false},"author":1,"featured_media":3687,"comment_status":"open","ping_status":"closed","sticky":false,"template":"","format":"standard","meta":{"footnotes":""},"categories":[9],"tags":[],"class_list":["post-3686","post","type-post","status-publish","format-standard","has-post-thumbnail","hentry","category-xeber"],"_links":{"self":[{"href":"https:\/\/millitv.net\/index.php?rest_route=\/wp\/v2\/posts\/3686","targetHints":{"allow":["GET"]}}],"collection":[{"href":"https:\/\/millitv.net\/index.php?rest_route=\/wp\/v2\/posts"}],"about":[{"href":"https:\/\/millitv.net\/index.php?rest_route=\/wp\/v2\/types\/post"}],"author":[{"embeddable":true,"href":"https:\/\/millitv.net\/index.php?rest_route=\/wp\/v2\/users\/1"}],"replies":[{"embeddable":true,"href":"https:\/\/millitv.net\/index.php?rest_route=%2Fwp%2Fv2%2Fcomments&post=3686"}],"version-history":[{"count":0,"href":"https:\/\/millitv.net\/index.php?rest_route=\/wp\/v2\/posts\/3686\/revisions"}],"wp:featuredmedia":[{"embeddable":true,"href":"https:\/\/millitv.net\/index.php?rest_route=\/wp\/v2\/media\/3687"}],"wp:attachment":[{"href":"https:\/\/millitv.net\/index.php?rest_route=%2Fwp%2Fv2%2Fmedia&parent=3686"}],"wp:term":[{"taxonomy":"category","embeddable":true,"href":"https:\/\/millitv.net\/index.php?rest_route=%2Fwp%2Fv2%2Fcategories&post=3686"},{"taxonomy":"post_tag","embeddable":true,"href":"https:\/\/millitv.net\/index.php?rest_route=%2Fwp%2Fv2%2Ftags&post=3686"}],"curies":[{"name":"wp","href":"https:\/\/api.w.org\/{rel}","templated":true}]}}