{"id":3674,"date":"2023-10-20T23:41:13","date_gmt":"2023-10-20T23:41:13","guid":{"rendered":"https:\/\/millinews.az\/xeber\/hakan-fidan-q%C9%99zza-sammitind%C9%99-istirak-ed%C9%99c%C9%99k\/"},"modified":"2023-10-20T23:41:13","modified_gmt":"2023-10-20T23:41:13","slug":"hakan-fidan-q%C9%99zza-sammitind%C9%99-istirak-ed%C9%99c%C9%99k","status":"publish","type":"post","link":"https:\/\/millitv.net\/?p=3674","title":{"rendered":"Hakan Fidan Q\u0259zza sammitind\u0259 i\u015ftirak ed\u0259c\u0259k"},"content":{"rendered":"<p><img decoding=\"async\" src=\"https:\/\/Millinews.az\/storage\/2023\/03\/05\/hakan_fidan.jpg\" alt=\"\" title=\"\"><\/p>\n<div id=\"mvp-content-main\">\n<p><strong>T\u00fcrkiy\u0259nin xarici i\u015fl\u0259r naziri Hakan Fidan oktyabr\u0131n 21-d\u0259 Qahir\u0259d\u0259 ke\u00e7iril\u0259c\u0259k Yax\u0131n \u015e\u0259rq sammitind\u0259 i\u015ftirak ed\u0259c\u0259k.<\/strong><\/p>\n<p><strong><a target=\"_blank\" href=\"https:\/\/Millinews.az\" rel=\"noopener\">Millinews.az<\/a><\/strong> x\u0259b\u0259r verir ki, bu bar\u0259d\u0259 T\u00fcrkiy\u0259 Xarici \u0130\u015fl\u0259r Nazirliyinin \u201cX\u201d hesab\u0131nda qeyd olunub.<\/p>\n<p>G\u00f6r\u00fc\u015fd\u0259 bir \u00e7ox \u00f6lk\u0259l\u0259rin d\u00f6vl\u0259t v\u0259 h\u00f6kum\u0259t ba\u015f\u00e7\u0131lar\u0131 i\u015ftirak ed\u0259c\u0259k.<\/p>\n<p>R\u0259smil\u0259r Qahir\u0259d\u0259 Q\u0259zzadak\u0131 hadis\u0259l\u0259ri v\u0259 F\u0259l\u0259stinl\u0259 \u0130srail aras\u0131nda s\u00fclh prosesini m\u00fczakir\u0259 ed\u0259c\u0259kl\u0259r.<\/p>\n<\/p><\/div>\n<p><script>\n        (function (d, s, id) {\n            var js, fjs = d.getElementsByTagName(s)[0];\n            if (d.getElementById(id)) return;\n            js = d.createElement(s);\n            js.id = id;\n            js.src = \"\/\/connect.facebook.net\/az_AZ\/sdk.js#xfbml=1&version=v2.7&appId=\";\n            fjs.parentNode.insertBefore(js, fjs);\n        }(document, 'script', 'facebook-jssdk'));\n    <\/script><\/p>\n","protected":false},"excerpt":{"rendered":"<p>T\u00fcrkiy\u0259nin xarici i\u015fl\u0259r naziri Hakan Fidan oktyabr\u0131n 21-d\u0259 Qahir\u0259d\u0259 ke\u00e7iril\u0259c\u0259k Yax\u0131n \u015e\u0259rq sammitind\u0259 i\u015ftirak ed\u0259c\u0259k. Millinews.az x\u0259b\u0259r verir ki, bu bar\u0259d\u0259 T\u00fcrkiy\u0259 Xarici \u0130\u015fl\u0259r Nazirliyinin \u201cX\u201d hesab\u0131nda qeyd olunub. G\u00f6r\u00fc\u015fd\u0259 bir \u00e7ox \u00f6lk\u0259l\u0259rin d\u00f6vl\u0259t v\u0259 h\u00f6kum\u0259t ba\u015f\u00e7\u0131lar\u0131 i\u015ftirak ed\u0259c\u0259k. R\u0259smil\u0259r Qahir\u0259d\u0259 Q\u0259zzadak\u0131 hadis\u0259l\u0259ri v\u0259 F\u0259l\u0259stinl\u0259 \u0130srail aras\u0131nda s\u00fclh prosesini m\u00fczakir\u0259 ed\u0259c\u0259kl\u0259r.<\/p>\n","protected":false},"author":1,"featured_media":3675,"comment_status":"open","ping_status":"closed","sticky":false,"template":"","format":"standard","meta":{"footnotes":""},"categories":[9],"tags":[],"class_list":["post-3674","post","type-post","status-publish","format-standard","has-post-thumbnail","hentry","category-xeber"],"_links":{"self":[{"href":"https:\/\/millitv.net\/index.php?rest_route=\/wp\/v2\/posts\/3674","targetHints":{"allow":["GET"]}}],"collection":[{"href":"https:\/\/millitv.net\/index.php?rest_route=\/wp\/v2\/posts"}],"about":[{"href":"https:\/\/millitv.net\/index.php?rest_route=\/wp\/v2\/types\/post"}],"author":[{"embeddable":true,"href":"https:\/\/millitv.net\/index.php?rest_route=\/wp\/v2\/users\/1"}],"replies":[{"embeddable":true,"href":"https:\/\/millitv.net\/index.php?rest_route=%2Fwp%2Fv2%2Fcomments&post=3674"}],"version-history":[{"count":0,"href":"https:\/\/millitv.net\/index.php?rest_route=\/wp\/v2\/posts\/3674\/revisions"}],"wp:featuredmedia":[{"embeddable":true,"href":"https:\/\/millitv.net\/index.php?rest_route=\/wp\/v2\/media\/3675"}],"wp:attachment":[{"href":"https:\/\/millitv.net\/index.php?rest_route=%2Fwp%2Fv2%2Fmedia&parent=3674"}],"wp:term":[{"taxonomy":"category","embeddable":true,"href":"https:\/\/millitv.net\/index.php?rest_route=%2Fwp%2Fv2%2Fcategories&post=3674"},{"taxonomy":"post_tag","embeddable":true,"href":"https:\/\/millitv.net\/index.php?rest_route=%2Fwp%2Fv2%2Ftags&post=3674"}],"curies":[{"name":"wp","href":"https:\/\/api.w.org\/{rel}","templated":true}]}}