{"id":3613,"date":"2023-10-20T18:09:06","date_gmt":"2023-10-20T18:09:06","guid":{"rendered":"https:\/\/millinews.az\/xeber\/hemas-girov-saxladigi-abs-nin-iki-v%C9%99t%C9%99ndasini-azad-etdi\/"},"modified":"2023-10-20T18:09:06","modified_gmt":"2023-10-20T18:09:06","slug":"hemas-girov-saxladigi-abs-nin-iki-v%C9%99t%C9%99ndasini-azad-etdi","status":"publish","type":"post","link":"https:\/\/millitv.net\/?p=3613","title":{"rendered":"H\u018fMAS girov saxlad\u0131\u011f\u0131 AB\u015e-nin iki v\u0259t\u0259nda\u015f\u0131n\u0131 azad etdi"},"content":{"rendered":"<div id=\"maincontent\">&#13;<br \/>\n        &#13;<\/p>\n<p><strong>F\u0259l\u0259stinin radikal \u201cH\u018fMAS\u201d h\u0259r\u0259kat\u0131 bildirib ki, onun silahl\u0131 qanad\u0131 \u201c\u0130zz\u0259ddin \u0259l-Q\u0259ssam\u201d briqadalar\u0131 \u0130srail\u0259 h\u00fccum zaman\u0131 girov g\u00f6t\u00fcr\u00fclm\u00fc\u015f iki AB\u015e v\u0259t\u0259nda\u015f\u0131n\u0131 azad edib.<\/strong><\/p>\n<p><a href=\"https:\/\/Millinews.az\" target=\"_blank\" class=\"kw-link\" rel=\"noopener\">Millinews.az<\/a> x\u0259b\u0259r verir ki, bu bar\u0259d\u0259 h\u0259r\u0259kat\u0131n teleqram kanal\u0131nda yayd\u0131\u011f\u0131 m\u0259lumatda deyilir. &#13;\n<\/p>\n<p>Qeyd olunub ki, azad edil\u0259n ana v\u0259 onun q\u0131z \u00f6vlad\u0131d\u0131r.<\/p>\n<p>\u0130srail ordusunun m\u0259lumat\u0131na g\u00f6r\u0259, \u201cH\u018fMAS\u201d Q\u0259zza zola\u011f\u0131nda 203 m\u00fclki v\u0259t\u0259nda\u015f\u0131 girov saxlay\u0131r.&#13;<br \/>\n        &#13;<br \/>\n&#13;<br \/>\n        &#13;<br \/>\n&#13;\n        <\/p>\n<p><noscript><\/p>\n<p>You must enable Javascript on your browser for the site to work optimally and display sections completely.<\/p>\n<p><\/noscript>\t\t&#13;<br \/>\n\t\t&#13;\n    <\/div>\n<p><script type=\"text\/javascript\">jQuery(document).ready(function () {\n(function(d, s, id) {\n    var js, fjs = d.getElementsByTagName(s)[0];\n    if (d.getElementById(id))\n        return;\n    js = d.createElement(s);\n    js.id = id;\n    js.src = \"\/\/connect.facebook.net\/az_AZ\/all.js#xfbml=1&appId=1002485763137712\";\n    fjs.parentNode.insertBefore(js, fjs);\n}(document, 'script', 'facebook-jssdk'));                \n});<\/script><\/p>\n","protected":false},"excerpt":{"rendered":"<p>&#13; &#13; F\u0259l\u0259stinin radikal \u201cH\u018fMAS\u201d h\u0259r\u0259kat\u0131 bildirib ki, onun silahl\u0131 qanad\u0131 \u201c\u0130zz\u0259ddin \u0259l-Q\u0259ssam\u201d briqadalar\u0131 \u0130srail\u0259 h\u00fccum zaman\u0131 girov g\u00f6t\u00fcr\u00fclm\u00fc\u015f iki AB\u015e v\u0259t\u0259nda\u015f\u0131n\u0131 azad edib. Millinews.az x\u0259b\u0259r verir ki, bu bar\u0259d\u0259 h\u0259r\u0259kat\u0131n teleqram kanal\u0131nda yayd\u0131\u011f\u0131 m\u0259lumatda deyilir. &#13; Qeyd olunub ki, azad edil\u0259n ana v\u0259 onun q\u0131z \u00f6vlad\u0131d\u0131r. \u0130srail ordusunun m\u0259lumat\u0131na g\u00f6r\u0259, \u201cH\u018fMAS\u201d Q\u0259zza zola\u011f\u0131nda 203 &hellip;<\/p>\n","protected":false},"author":1,"featured_media":3614,"comment_status":"open","ping_status":"closed","sticky":false,"template":"","format":"standard","meta":{"footnotes":""},"categories":[9],"tags":[],"class_list":["post-3613","post","type-post","status-publish","format-standard","has-post-thumbnail","hentry","category-xeber"],"_links":{"self":[{"href":"https:\/\/millitv.net\/index.php?rest_route=\/wp\/v2\/posts\/3613","targetHints":{"allow":["GET"]}}],"collection":[{"href":"https:\/\/millitv.net\/index.php?rest_route=\/wp\/v2\/posts"}],"about":[{"href":"https:\/\/millitv.net\/index.php?rest_route=\/wp\/v2\/types\/post"}],"author":[{"embeddable":true,"href":"https:\/\/millitv.net\/index.php?rest_route=\/wp\/v2\/users\/1"}],"replies":[{"embeddable":true,"href":"https:\/\/millitv.net\/index.php?rest_route=%2Fwp%2Fv2%2Fcomments&post=3613"}],"version-history":[{"count":0,"href":"https:\/\/millitv.net\/index.php?rest_route=\/wp\/v2\/posts\/3613\/revisions"}],"wp:featuredmedia":[{"embeddable":true,"href":"https:\/\/millitv.net\/index.php?rest_route=\/wp\/v2\/media\/3614"}],"wp:attachment":[{"href":"https:\/\/millitv.net\/index.php?rest_route=%2Fwp%2Fv2%2Fmedia&parent=3613"}],"wp:term":[{"taxonomy":"category","embeddable":true,"href":"https:\/\/millitv.net\/index.php?rest_route=%2Fwp%2Fv2%2Fcategories&post=3613"},{"taxonomy":"post_tag","embeddable":true,"href":"https:\/\/millitv.net\/index.php?rest_route=%2Fwp%2Fv2%2Ftags&post=3613"}],"curies":[{"name":"wp","href":"https:\/\/api.w.org\/{rel}","templated":true}]}}