{"id":3581,"date":"2023-10-20T15:29:08","date_gmt":"2023-10-20T15:29:08","guid":{"rendered":"https:\/\/millinews.az\/xeber\/esirlikd%C9%99-olan-aqsin-niy%C9%99-anasi-il%C9%99-danismaq-ist%C9%99m%C9%99di\/"},"modified":"2023-10-20T15:29:08","modified_gmt":"2023-10-20T15:29:08","slug":"esirlikd%C9%99-olan-aqsin-niy%C9%99-anasi-il%C9%99-danismaq-ist%C9%99m%C9%99di","status":"publish","type":"post","link":"https:\/\/millitv.net\/?p=3581","title":{"rendered":"\u018fsirlikd\u0259 olan Aq\u015fin niy\u0259 anas\u0131 il\u0259 dan\u0131\u015fmaq ist\u0259m\u0259di?"},"content":{"rendered":"<div id=\"maincontent\">&#13;<br \/>\n        &#13;<\/p>\n<p><strong>\u201cBu g\u00fcn o\u011flumla telefonda dan\u0131\u015fd\u0131m. Dan\u0131\u015f\u0131\u011f\u0131 he\u00e7 xo\u015fuma g\u0259lm\u0259di&#8221;.<\/strong><\/p>\n<p><a href=\"https:\/\/Millinews.az\" target=\"_blank\" class=\"kw-link\" rel=\"noopener\">Millinews.az<\/a> x\u0259b\u0259r verir ki, bu s\u00f6zl\u0259ri 7 ayd\u0131r Erm\u0259nistanda \u0259sir saxlan\u0131lan h\u0259rb\u00e7i Aq\u015fin B\u0259birovun anas\u0131 D\u00fcrdan\u0259 B\u0259birova deyib. &#13;\n<\/p>\n<p>&#8220;Aq\u015fin he\u00e7 vaxt bel\u0259 dan\u0131\u015fmam\u0131\u015fd\u0131. Aq\u015finin s\u0259sind\u0259n bel\u0259 bildim ki, dan\u0131\u015fmaq ist\u0259mir. &#8220;\u00d6z\u00fcm \u00fc\u00e7\u00fcn bir problem yaratsam, narahat olma\u201d dedi. El\u0259 hey sa\u011folla\u015f\u0131r, sanki dan\u0131\u015fmaq ist\u0259mirdi. \u0130\u015fg\u0259nc\u0259l\u0259r\u0259 m\u0259ruz qal\u0131blar. Bir iki k\u0259lm\u0259 zorla dan\u0131\u015fd\u0131. N\u0259 \u015faiy\u0259dir, anlamad\u0131m. Bu g\u00fcn art\u0131q balam 7 ayd\u0131r d\u00fc\u015fm\u0259nin evind\u0259 n\u0259 \u00e7\u0259kdiyini dil\u0259 g\u0259tirdi, s\u0259brinin da\u015fd\u0131\u011f\u0131n\u0131 a\u00e7\u0131qlad\u0131&#8221;.<\/p>\n<p>Xat\u0131rladaq ki, aprelin 9-da Nax\u00e7\u0131van Muxtar Respublikas\u0131n\u0131n \u015eahbuz rayonunun Erm\u0259nistanla s\u0259rh\u0259dboyu \u0259razisind\u0259 \u0259lveri\u015fsiz hava \u015f\u0259raitind\u0259 m\u0259hdud g\u00f6rm\u0259 s\u0259b\u0259bind\u0259n Az\u0259rbaycan ordusunun itkin d\u00fc\u015fm\u00fc\u015f \u0259sg\u0259rl\u0259ri &#8211; 2004-c\u00fc il t\u0259v\u0259ll\u00fcdl\u00fc Aq\u015fin Qabil o\u011flu B\u0259birov v\u0259 2003-c\u00fc il t\u0259v\u0259ll\u00fcdl\u00fc H\u00fcseyn \u018fhliman o\u011flu Axundov Erm\u0259nistan t\u0259r\u0259find\u0259n \u0259sir g\u00f6t\u00fcr\u00fcl\u00fcbl\u0259r.<\/p>\n<p>Erm\u0259nistan t\u0259r\u0259fi onlara qar\u015f\u0131 saxta ittihamlarla cinay\u0259t i\u015fi a\u00e7\u0131b. Az\u0259rbaycan h\u0259rb\u00e7isi H\u00fcseyn Axundov 20 il, Aq\u015fin B\u0259birov is\u0259 11,5 il m\u00fcdd\u0259tin\u0259 azadl\u0131qdan m\u0259hrum edilib.<\/p>\n<p>Onu da bildir\u0259k ki, Az\u0259rbaycanla Erm\u0259nistan n\u00fcmay\u0259nd\u0259l\u0259ri aras\u0131nda olan raz\u0131l\u0131\u011fa \u0259sas\u0259n yolu azaraq qar\u015f\u0131 t\u0259r\u0259f\u0259 ke\u00e7\u0259n \u015f\u0259xs maksimum iki g\u00fcn\u0259 qaytar\u0131lmal\u0131d\u0131r. Lakin Erm\u0259nistan t\u0259r\u0259fi bu raz\u0131la\u015fmaya \u0259m\u0259l etmir.<\/p>\n<p><iframe loading=\"lazy\" title=\"Ail\u0259si Erm\u0259nistanda \u0259sirlikd\u0259 saxlan\u0131lan Aq\u015fin B\u0259birovla \u0259laq\u0259 saxlay\u0131b\" width=\"500\" height=\"281\" src=\"https:\/\/www.youtube.com\/embed\/dI8LyDa7JDk?feature=oembed\" frameborder=\"0\" allow=\"accelerometer; autoplay; clipboard-write; encrypted-media; gyroscope; picture-in-picture; web-share\" referrerpolicy=\"strict-origin-when-cross-origin\" allowfullscreen><\/iframe><br \/>&#13;<br \/>\n        &#13;<br \/>\n&#13;<br \/>\n        &#13;<br \/>\n&#13;\n        <\/p>\n<p><noscript><\/p>\n<p>You must enable Javascript on your browser for the site to work optimally and display sections completely.<\/p>\n<p><\/noscript>\t\t&#13;<br \/>\n\t\t&#13;\n    <\/div>\n<p><script type=\"text\/javascript\">jQuery(document).ready(function () {\n(function(d, s, id) {\n    var js, fjs = d.getElementsByTagName(s)[0];\n    if (d.getElementById(id))\n        return;\n    js = d.createElement(s);\n    js.id = id;\n    js.src = \"\/\/connect.facebook.net\/az_AZ\/all.js#xfbml=1&appId=1002485763137712\";\n    fjs.parentNode.insertBefore(js, fjs);\n}(document, 'script', 'facebook-jssdk'));                \n});<\/script><\/p>\n","protected":false},"excerpt":{"rendered":"<p>&#13; &#13; \u201cBu g\u00fcn o\u011flumla telefonda dan\u0131\u015fd\u0131m. Dan\u0131\u015f\u0131\u011f\u0131 he\u00e7 xo\u015fuma g\u0259lm\u0259di&#8221;. Millinews.az x\u0259b\u0259r verir ki, bu s\u00f6zl\u0259ri 7 ayd\u0131r Erm\u0259nistanda \u0259sir saxlan\u0131lan h\u0259rb\u00e7i Aq\u015fin B\u0259birovun anas\u0131 D\u00fcrdan\u0259 B\u0259birova deyib. &#13; &#8220;Aq\u015fin he\u00e7 vaxt bel\u0259 dan\u0131\u015fmam\u0131\u015fd\u0131. Aq\u015finin s\u0259sind\u0259n bel\u0259 bildim ki, dan\u0131\u015fmaq ist\u0259mir. &#8220;\u00d6z\u00fcm \u00fc\u00e7\u00fcn bir problem yaratsam, narahat olma\u201d dedi. El\u0259 hey sa\u011folla\u015f\u0131r, sanki dan\u0131\u015fmaq &hellip;<\/p>\n","protected":false},"author":1,"featured_media":3582,"comment_status":"open","ping_status":"closed","sticky":false,"template":"","format":"standard","meta":{"footnotes":""},"categories":[9],"tags":[],"class_list":["post-3581","post","type-post","status-publish","format-standard","has-post-thumbnail","hentry","category-xeber"],"_links":{"self":[{"href":"https:\/\/millitv.net\/index.php?rest_route=\/wp\/v2\/posts\/3581","targetHints":{"allow":["GET"]}}],"collection":[{"href":"https:\/\/millitv.net\/index.php?rest_route=\/wp\/v2\/posts"}],"about":[{"href":"https:\/\/millitv.net\/index.php?rest_route=\/wp\/v2\/types\/post"}],"author":[{"embeddable":true,"href":"https:\/\/millitv.net\/index.php?rest_route=\/wp\/v2\/users\/1"}],"replies":[{"embeddable":true,"href":"https:\/\/millitv.net\/index.php?rest_route=%2Fwp%2Fv2%2Fcomments&post=3581"}],"version-history":[{"count":0,"href":"https:\/\/millitv.net\/index.php?rest_route=\/wp\/v2\/posts\/3581\/revisions"}],"wp:featuredmedia":[{"embeddable":true,"href":"https:\/\/millitv.net\/index.php?rest_route=\/wp\/v2\/media\/3582"}],"wp:attachment":[{"href":"https:\/\/millitv.net\/index.php?rest_route=%2Fwp%2Fv2%2Fmedia&parent=3581"}],"wp:term":[{"taxonomy":"category","embeddable":true,"href":"https:\/\/millitv.net\/index.php?rest_route=%2Fwp%2Fv2%2Fcategories&post=3581"},{"taxonomy":"post_tag","embeddable":true,"href":"https:\/\/millitv.net\/index.php?rest_route=%2Fwp%2Fv2%2Ftags&post=3581"}],"curies":[{"name":"wp","href":"https:\/\/api.w.org\/{rel}","templated":true}]}}