{"id":3571,"date":"2023-10-20T14:35:51","date_gmt":"2023-10-20T14:35:51","guid":{"rendered":"https:\/\/millinews.az\/xeber\/bayramov-lavrovla-danisdi\/"},"modified":"2023-10-20T14:35:51","modified_gmt":"2023-10-20T14:35:51","slug":"bayramov-lavrovla-danisdi","status":"publish","type":"post","link":"https:\/\/millitv.net\/?p=3571","title":{"rendered":"Bayramov Lavrovla dan\u0131\u015fd\u0131"},"content":{"rendered":"<p><img decoding=\"async\" src=\"https:\/\/Millinews.az\/storage\/2023\/10\/20\/b01ef144-12df-4e09-b71a-ec965461c833.jpg\" alt=\"\" title=\"\"><\/p>\n<div id=\"mvp-content-main\">\n<p><strong>Oktyabr\u0131n 20-d\u0259 xarici i\u015fl\u0259r naziri Ceyhun Bayramov v\u0259 Rusiya Federasiyas\u0131n\u0131n xarici i\u015fl\u0259r naziri Sergey Lavrov aras\u0131nda telefon dan\u0131\u015f\u0131\u011f\u0131 ba\u015f tutub.<\/strong><\/p>\n<p>Bunu <strong><a target=\"_blank\" href=\"https:\/\/Millinews.az\" rel=\"noopener\">Millinews.az<\/a><\/strong>-a Az\u0259rbaycan Xarici \u0130\u015fl\u0259r Nazirliyind\u0259n bildirilib.<\/p>\n<p>Telefon dan\u0131\u015f\u0131\u011f\u0131 zaman\u0131 t\u0259r\u0259fl\u0259r iki \u00f6lk\u0259 aras\u0131nda \u0259m\u0259kda\u015fl\u0131q g\u00fcnd\u0259liyi \u00fczr\u0259 m\u00f6vcud perspektivl\u0259r, Az\u0259rbaycan-Erm\u0259nistan normalla\u015fma v\u0259 s\u00fclh prosesi, habel\u0259 b\u00f6lg\u0259d\u0259ki cari v\u0259ziyy\u0259t bar\u0259d\u0259 m\u00fczakir\u0259 apar\u0131blar.<\/p>\n<p>Regionda s\u00fclh v\u0259 sabitliyin t\u0259min olunmas\u0131, Az\u0259rbaycan v\u0259 Erm\u0259nistan aras\u0131nda b\u0259rab\u0259r v\u0259 qar\u015f\u0131l\u0131ql\u0131 h\u00f6rm\u0259t\u0259 \u0259saslanan davaml\u0131 s\u00fclh\u00fcn b\u0259rq\u0259rar edilm\u0259si istiqam\u0259tind\u0259 g\u00f6st\u0259ril\u0259n s\u0259yl\u0259rin davam etdirilm\u0259sinin, bu g\u00fcn b\u00f6lg\u0259d\u0259 yaranm\u0131\u015f tarixi imkan\u0131n \u0259ld\u0259n verilm\u0259m\u0259sinin vacibliyi vur\u011fulan\u0131b.<\/p>\n<p>Telefon dan\u0131\u015f\u0131\u011f\u0131 zaman\u0131, h\u0259m\u00e7inin qar\u015f\u0131l\u0131ql\u0131 maraq do\u011furan dig\u0259r regional v\u0259 beyn\u0259lxalq m\u0259s\u0259l\u0259l\u0259r \u0259traf\u0131nda fikir m\u00fcbadil\u0259si apar\u0131l\u0131b.<\/p>\n<p>Bundan \u0259vv\u0259l Rusiya Xarici \u0130\u015fl\u0259r Nazirliyinin m\u0259lumat\u0131na g\u00f6r\u0259, Sergey Lavrov v\u0259 Az\u0259rbaycan\u0131n xarici i\u015fl\u0259r naziri Ceyhun Bayramov telefon dan\u0131\u015f\u0131\u011f\u0131 zaman\u0131 C\u0259nubi Qafqaz \u00fczr\u0259 \u201c3+3\u201d regional m\u0259sl\u0259h\u0259t platformas\u0131n\u0131n i\u015fini m\u00fczakir\u0259 edibl\u0259r.<\/p>\n<\/p><\/div>\n<p><script>\n        (function (d, s, id) {\n            var js, fjs = d.getElementsByTagName(s)[0];\n            if (d.getElementById(id)) return;\n            js = d.createElement(s);\n            js.id = id;\n            js.src = \"\/\/connect.facebook.net\/az_AZ\/sdk.js#xfbml=1&version=v2.7&appId=\";\n            fjs.parentNode.insertBefore(js, fjs);\n        }(document, 'script', 'facebook-jssdk'));\n    <\/script><\/p>\n","protected":false},"excerpt":{"rendered":"<p>Oktyabr\u0131n 20-d\u0259 xarici i\u015fl\u0259r naziri Ceyhun Bayramov v\u0259 Rusiya Federasiyas\u0131n\u0131n xarici i\u015fl\u0259r naziri Sergey Lavrov aras\u0131nda telefon dan\u0131\u015f\u0131\u011f\u0131 ba\u015f tutub. Bunu Millinews.az-a Az\u0259rbaycan Xarici \u0130\u015fl\u0259r Nazirliyind\u0259n bildirilib. Telefon dan\u0131\u015f\u0131\u011f\u0131 zaman\u0131 t\u0259r\u0259fl\u0259r iki \u00f6lk\u0259 aras\u0131nda \u0259m\u0259kda\u015fl\u0131q g\u00fcnd\u0259liyi \u00fczr\u0259 m\u00f6vcud perspektivl\u0259r, Az\u0259rbaycan-Erm\u0259nistan normalla\u015fma v\u0259 s\u00fclh prosesi, habel\u0259 b\u00f6lg\u0259d\u0259ki cari v\u0259ziyy\u0259t bar\u0259d\u0259 m\u00fczakir\u0259 apar\u0131blar. Regionda s\u00fclh v\u0259 sabitliyin &hellip;<\/p>\n","protected":false},"author":1,"featured_media":3572,"comment_status":"open","ping_status":"closed","sticky":false,"template":"","format":"standard","meta":{"footnotes":""},"categories":[9],"tags":[],"class_list":["post-3571","post","type-post","status-publish","format-standard","has-post-thumbnail","hentry","category-xeber"],"_links":{"self":[{"href":"https:\/\/millitv.net\/index.php?rest_route=\/wp\/v2\/posts\/3571","targetHints":{"allow":["GET"]}}],"collection":[{"href":"https:\/\/millitv.net\/index.php?rest_route=\/wp\/v2\/posts"}],"about":[{"href":"https:\/\/millitv.net\/index.php?rest_route=\/wp\/v2\/types\/post"}],"author":[{"embeddable":true,"href":"https:\/\/millitv.net\/index.php?rest_route=\/wp\/v2\/users\/1"}],"replies":[{"embeddable":true,"href":"https:\/\/millitv.net\/index.php?rest_route=%2Fwp%2Fv2%2Fcomments&post=3571"}],"version-history":[{"count":0,"href":"https:\/\/millitv.net\/index.php?rest_route=\/wp\/v2\/posts\/3571\/revisions"}],"wp:featuredmedia":[{"embeddable":true,"href":"https:\/\/millitv.net\/index.php?rest_route=\/wp\/v2\/media\/3572"}],"wp:attachment":[{"href":"https:\/\/millitv.net\/index.php?rest_route=%2Fwp%2Fv2%2Fmedia&parent=3571"}],"wp:term":[{"taxonomy":"category","embeddable":true,"href":"https:\/\/millitv.net\/index.php?rest_route=%2Fwp%2Fv2%2Fcategories&post=3571"},{"taxonomy":"post_tag","embeddable":true,"href":"https:\/\/millitv.net\/index.php?rest_route=%2Fwp%2Fv2%2Ftags&post=3571"}],"curies":[{"name":"wp","href":"https:\/\/api.w.org\/{rel}","templated":true}]}}