{"id":3547,"date":"2023-10-20T13:08:43","date_gmt":"2023-10-20T13:08:43","guid":{"rendered":"https:\/\/millinews.az\/xeber\/moskva-abs-dan-t%C9%99l%C9%99b-etdi-peyk-goruntul%C9%99rini-t%C9%99qdim-et\/"},"modified":"2023-10-20T13:08:43","modified_gmt":"2023-10-20T13:08:43","slug":"moskva-abs-dan-t%C9%99l%C9%99b-etdi-peyk-goruntul%C9%99rini-t%C9%99qdim-et","status":"publish","type":"post","link":"https:\/\/millitv.net\/?p=3547","title":{"rendered":"Moskva AB\u015e-dan t\u0259l\u0259b etdi: Peyk g\u00f6r\u00fcnt\u00fcl\u0259rini t\u0259qdim et"},"content":{"rendered":"<p><img decoding=\"async\" src=\"https:\/\/Millinews.az\/storage\/2021\/02\/28\/moskva_-_kremlin.jpg\" alt=\"\" title=\"\"><\/p>\n<div id=\"mvp-content-main\">\n<p><strong>Rusiyan\u0131n xarici i\u015fl\u0259r naziri Sergey Lavrov bildirib ki, Birl\u0259\u015fmi\u015f \u015etatlar Rusiya il\u0259 KXDR aras\u0131nda h\u0259rbi \u0259m\u0259kda\u015fl\u0131\u011f\u0131 g\u00f6st\u0259rm\u0259k \u0259v\u0259zin\u0259 Q\u0259zza zola\u011f\u0131nda x\u0259st\u0259xanaya h\u00fccumun peyk \u015f\u0259kill\u0259rini t\u0259qdim etsin <\/strong><\/p>\n<p><strong><a target=\"_blank\" href=\"https:\/\/Millinews.az\" rel=\"noopener\">Millinews.az<\/a><\/strong> x\u0259b\u0259r verir ki, Lavrov bu bar\u0259d\u0259 \u201cRossiya-1\u201d telekanal\u0131nda yay\u0131mlanan \u201c60 d\u0259qiq\u0259\u201d proqram\u0131nda deyib.<\/p>\n<p>\u201c\u0130ndi ham\u0131 Q\u0259zzadak\u0131 faci\u0259ni m\u00fczakir\u0259 edir, x\u0259st\u0259xanaya h\u00fccum edilib, y\u00fczl\u0259rl\u0259 insan h\u0259lak olub, y\u00fczl\u0259rl\u0259 insan yaralan\u0131b. Biz d\u0259 amerikal\u0131lardan peyk m\u0259lumatlar\u0131n\u0131 ist\u0259y\u0259 bil\u0259rik, \u00e7\u00fcnki onlar bu \u0259razini peykl\u0259rd\u0259n d\u0259qiq izl\u0259yirl\u0259r. Bu c\u00fcr h\u00fccum diqq\u0259td\u0259n k\u0259narda qala bilm\u0259zdi\u201d, &#8211; Lavrov bildirib.<\/p>\n<p>Onun s\u00f6zl\u0259rin\u0259 g\u00f6r\u0259, Rusiya T\u0259hl\u00fck\u0259sizlik \u015euras\u0131n\u0131n 1967-ci il s\u0259rh\u0259dl\u0259ri daxilind\u0259 F\u0259l\u0259stin d\u00f6vl\u0259tinin yarad\u0131lmas\u0131n\u0131n z\u0259ruriliyi il\u0259 ba\u011fl\u0131 q\u0259rarlar\u0131na sadiqdir:<\/p>\n<p>\u201cBiz BMT T\u0259hl\u00fck\u0259sizlik \u015euras\u0131n\u0131n he\u00e7 kimin l\u0259\u011fv etm\u0259diyi v\u0259 he\u00e7 kimin imtina etm\u0259diyi q\u0259rarlar\u0131na sadiqik. Bu q\u0259tnam\u0259l\u0259r paytaxt\u0131 \u015e\u0259rqi Q\u00fcdsl\u0259 1967-ci il s\u0259rh\u0259dl\u0259rin\u0259 \u0259saslanan F\u0259l\u0259stin d\u00f6vl\u0259tinin yarad\u0131lmas\u0131na dair raz\u0131la\u015fmalar\u0131n \u0259ld\u0259 olunmas\u0131n\u0131 n\u0259z\u0259rd\u0259 tutur\u201d.<\/p>\n<p>O, \u00fcmid etdiyini bildirib ki, F\u0259l\u0259stin v\u0259 \u0130srail \u00f6zl\u0259rin\u0259 g\u0259lib dan\u0131\u015f\u0131qlar masas\u0131na \u0259yl\u0259\u015f\u0259c\u0259kl\u0259r. \u201cX\u0259rit\u0259y\u0259 baxmaq v\u0259 \u0259m\u0259li h\u0259r\u0259k\u0259tl\u0259rimizi BMT T\u0259hl\u00fck\u0259sizlik \u015euras\u0131n\u0131n q\u0259rar\u0131 il\u0259 \u0259laq\u0259l\u0259ndirm\u0259k, 1967-ci ild\u0259n b\u0259ri formala\u015fm\u0131\u015f reall\u0131qlar\u0131 n\u0259z\u0259r\u0259 almaq laz\u0131md\u0131r\u201d, &#8211; Lavrov vur\u011fulay\u0131b.<\/p>\n<p>Tural<\/p>\n<\/p><\/div>\n<p><script>\n        (function (d, s, id) {\n            var js, fjs = d.getElementsByTagName(s)[0];\n            if (d.getElementById(id)) return;\n            js = d.createElement(s);\n            js.id = id;\n            js.src = \"\/\/connect.facebook.net\/az_AZ\/sdk.js#xfbml=1&version=v2.7&appId=\";\n            fjs.parentNode.insertBefore(js, fjs);\n        }(document, 'script', 'facebook-jssdk'));\n    <\/script><\/p>\n","protected":false},"excerpt":{"rendered":"<p>Rusiyan\u0131n xarici i\u015fl\u0259r naziri Sergey Lavrov bildirib ki, Birl\u0259\u015fmi\u015f \u015etatlar Rusiya il\u0259 KXDR aras\u0131nda h\u0259rbi \u0259m\u0259kda\u015fl\u0131\u011f\u0131 g\u00f6st\u0259rm\u0259k \u0259v\u0259zin\u0259 Q\u0259zza zola\u011f\u0131nda x\u0259st\u0259xanaya h\u00fccumun peyk \u015f\u0259kill\u0259rini t\u0259qdim etsin Millinews.az x\u0259b\u0259r verir ki, Lavrov bu bar\u0259d\u0259 \u201cRossiya-1\u201d telekanal\u0131nda yay\u0131mlanan \u201c60 d\u0259qiq\u0259\u201d proqram\u0131nda deyib. \u201c\u0130ndi ham\u0131 Q\u0259zzadak\u0131 faci\u0259ni m\u00fczakir\u0259 edir, x\u0259st\u0259xanaya h\u00fccum edilib, y\u00fczl\u0259rl\u0259 insan h\u0259lak olub, y\u00fczl\u0259rl\u0259 insan &hellip;<\/p>\n","protected":false},"author":1,"featured_media":3548,"comment_status":"open","ping_status":"closed","sticky":false,"template":"","format":"standard","meta":{"footnotes":""},"categories":[9],"tags":[],"class_list":["post-3547","post","type-post","status-publish","format-standard","has-post-thumbnail","hentry","category-xeber"],"_links":{"self":[{"href":"https:\/\/millitv.net\/index.php?rest_route=\/wp\/v2\/posts\/3547","targetHints":{"allow":["GET"]}}],"collection":[{"href":"https:\/\/millitv.net\/index.php?rest_route=\/wp\/v2\/posts"}],"about":[{"href":"https:\/\/millitv.net\/index.php?rest_route=\/wp\/v2\/types\/post"}],"author":[{"embeddable":true,"href":"https:\/\/millitv.net\/index.php?rest_route=\/wp\/v2\/users\/1"}],"replies":[{"embeddable":true,"href":"https:\/\/millitv.net\/index.php?rest_route=%2Fwp%2Fv2%2Fcomments&post=3547"}],"version-history":[{"count":0,"href":"https:\/\/millitv.net\/index.php?rest_route=\/wp\/v2\/posts\/3547\/revisions"}],"wp:featuredmedia":[{"embeddable":true,"href":"https:\/\/millitv.net\/index.php?rest_route=\/wp\/v2\/media\/3548"}],"wp:attachment":[{"href":"https:\/\/millitv.net\/index.php?rest_route=%2Fwp%2Fv2%2Fmedia&parent=3547"}],"wp:term":[{"taxonomy":"category","embeddable":true,"href":"https:\/\/millitv.net\/index.php?rest_route=%2Fwp%2Fv2%2Fcategories&post=3547"},{"taxonomy":"post_tag","embeddable":true,"href":"https:\/\/millitv.net\/index.php?rest_route=%2Fwp%2Fv2%2Ftags&post=3547"}],"curies":[{"name":"wp","href":"https:\/\/api.w.org\/{rel}","templated":true}]}}