{"id":3535,"date":"2023-10-20T12:19:45","date_gmt":"2023-10-20T12:19:45","guid":{"rendered":"https:\/\/millinews.az\/xeber\/s%C9%99udiyy%C9%99-er%C9%99bistanindan-israil%C9%99-cagiris\/"},"modified":"2023-10-20T12:19:45","modified_gmt":"2023-10-20T12:19:45","slug":"s%C9%99udiyy%C9%99-er%C9%99bistanindan-israil%C9%99-cagiris","status":"publish","type":"post","link":"https:\/\/millitv.net\/?p=3535","title":{"rendered":"S\u0259udiyy\u0259 \u018fr\u0259bistan\u0131ndan \u0130srail\u0259 \u00e7a\u011f\u0131r\u0131\u015f"},"content":{"rendered":"<div id=\"maincontent\">&#13;<br \/>\n        &#13;<\/p>\n<p><strong\/><strong>S\u0259udiyy\u0259 \u018fr\u0259bistan\u0131n\u0131n v\u0259li\u0259hd \u015fahzad\u0259si M\u0259h\u0259mm\u0259d bin Salman \u0130srail\u0259 \u00e7a\u011f\u0131r\u0131\u015f edib. <\/strong><\/p>\n<p><a href=\"https:\/\/Millinews.az\" target=\"_blank\" class=\"kw-link\" rel=\"noopener\">Millinews.az<\/a> x\u0259b\u0259r verir ki, o bildirib ki, F\u0259l\u0259stin m\u00fcnaqi\u015f\u0259sinin h\u0259lli 1967-ci ild\u0259ki s\u0259rh\u0259dl\u0259r \u00e7\u0259r\u00e7iv\u0259sind\u0259 olmal\u0131d\u0131r. M\u0259h\u0259mm\u0259d bin Salman\u0131n s\u00f6zl\u0259rin\u0259 g\u00f6r\u0259, S\u0259udiyy\u0259 \u018fr\u0259bistan\u0131 t\u0259r\u0259fl\u0259ri dialoqu art\u0131rma\u011fa v\u0259 beyn\u0259lxalq humanitar h\u00fcquqa h\u00f6rm\u0259t etm\u0259y\u0259 \u00e7a\u011f\u0131r\u0131r. &#13;\n    <\/p>\n<p>\u201cT\u0259r\u0259fl\u0259ri 1967-ci il s\u0259rh\u0259dl\u0259rin\u0259 uy\u011fun olaraq, ham\u0131 \u00fc\u00e7\u00fcn t\u0259hl\u00fck\u0259siz v\u0259 rifah\u0131 t\u0259min ed\u0259c\u0259k F\u0259l\u0259stin d\u00f6vl\u0259tinin qurulmas\u0131 \u00fc\u00e7\u00fcn \u0259dal\u0259tli h\u0259ll\u0259 \u00e7a\u011f\u0131r\u0131r\u0131q. S\u0259udiyy\u0259 \u018fr\u0259bistan\u0131 \u0259dal\u0259ti, sabitliyi, s\u00fclh\u00fc v\u0259 F\u0259l\u0259stin xalq\u0131n\u0131n qanuni h\u00fcquqlar\u0131n\u0131 t\u0259min etm\u0259k \u00fc\u00e7\u00fcn Q\u0259zzadak\u0131 m\u00fchasir\u0259ni l\u0259\u011fv etm\u0259y\u0259 \u00e7a\u011f\u0131r\u0131r&#8221; &#8211; M\u0259h\u0259mm\u0259d bin Salman deyib. &#13;<br \/>\n        &#13;<br \/>\n&#13;<br \/>\n        &#13;<br \/>\n&#13;\n        <\/p>\n<p><noscript><\/p>\n<p>You must enable Javascript on your browser for the site to work optimally and display sections completely.<\/p>\n<p><\/noscript>\t\t&#13;<br \/>\n\t\t&#13;\n    <\/div>\n<p><script type=\"text\/javascript\">jQuery(document).ready(function () {\n(function(d, s, id) {\n    var js, fjs = d.getElementsByTagName(s)[0];\n    if (d.getElementById(id))\n        return;\n    js = d.createElement(s);\n    js.id = id;\n    js.src = \"\/\/connect.facebook.net\/az_AZ\/all.js#xfbml=1&appId=1002485763137712\";\n    fjs.parentNode.insertBefore(js, fjs);\n}(document, 'script', 'facebook-jssdk'));                \n});<\/script><\/p>\n","protected":false},"excerpt":{"rendered":"<p>&#13; &#13; S\u0259udiyy\u0259 \u018fr\u0259bistan\u0131n\u0131n v\u0259li\u0259hd \u015fahzad\u0259si M\u0259h\u0259mm\u0259d bin Salman \u0130srail\u0259 \u00e7a\u011f\u0131r\u0131\u015f edib. Millinews.az x\u0259b\u0259r verir ki, o bildirib ki, F\u0259l\u0259stin m\u00fcnaqi\u015f\u0259sinin h\u0259lli 1967-ci ild\u0259ki s\u0259rh\u0259dl\u0259r \u00e7\u0259r\u00e7iv\u0259sind\u0259 olmal\u0131d\u0131r. M\u0259h\u0259mm\u0259d bin Salman\u0131n s\u00f6zl\u0259rin\u0259 g\u00f6r\u0259, S\u0259udiyy\u0259 \u018fr\u0259bistan\u0131 t\u0259r\u0259fl\u0259ri dialoqu art\u0131rma\u011fa v\u0259 beyn\u0259lxalq humanitar h\u00fcquqa h\u00f6rm\u0259t etm\u0259y\u0259 \u00e7a\u011f\u0131r\u0131r. &#13; \u201cT\u0259r\u0259fl\u0259ri 1967-ci il s\u0259rh\u0259dl\u0259rin\u0259 uy\u011fun olaraq, ham\u0131 \u00fc\u00e7\u00fcn t\u0259hl\u00fck\u0259siz v\u0259 &hellip;<\/p>\n","protected":false},"author":1,"featured_media":3536,"comment_status":"open","ping_status":"closed","sticky":false,"template":"","format":"standard","meta":{"footnotes":""},"categories":[9],"tags":[],"class_list":["post-3535","post","type-post","status-publish","format-standard","has-post-thumbnail","hentry","category-xeber"],"_links":{"self":[{"href":"https:\/\/millitv.net\/index.php?rest_route=\/wp\/v2\/posts\/3535","targetHints":{"allow":["GET"]}}],"collection":[{"href":"https:\/\/millitv.net\/index.php?rest_route=\/wp\/v2\/posts"}],"about":[{"href":"https:\/\/millitv.net\/index.php?rest_route=\/wp\/v2\/types\/post"}],"author":[{"embeddable":true,"href":"https:\/\/millitv.net\/index.php?rest_route=\/wp\/v2\/users\/1"}],"replies":[{"embeddable":true,"href":"https:\/\/millitv.net\/index.php?rest_route=%2Fwp%2Fv2%2Fcomments&post=3535"}],"version-history":[{"count":0,"href":"https:\/\/millitv.net\/index.php?rest_route=\/wp\/v2\/posts\/3535\/revisions"}],"wp:featuredmedia":[{"embeddable":true,"href":"https:\/\/millitv.net\/index.php?rest_route=\/wp\/v2\/media\/3536"}],"wp:attachment":[{"href":"https:\/\/millitv.net\/index.php?rest_route=%2Fwp%2Fv2%2Fmedia&parent=3535"}],"wp:term":[{"taxonomy":"category","embeddable":true,"href":"https:\/\/millitv.net\/index.php?rest_route=%2Fwp%2Fv2%2Fcategories&post=3535"},{"taxonomy":"post_tag","embeddable":true,"href":"https:\/\/millitv.net\/index.php?rest_route=%2Fwp%2Fv2%2Ftags&post=3535"}],"curies":[{"name":"wp","href":"https:\/\/api.w.org\/{rel}","templated":true}]}}